{"id":977,"date":"2021-09-07T13:33:20","date_gmt":"2021-09-07T11:33:20","guid":{"rendered":"https:\/\/www.nicoleking.fr\/?p=977"},"modified":"2022-01-31T17:33:19","modified_gmt":"2022-01-31T16:33:19","slug":"55eme-salon-de-lamicale-des-amateurs-darts","status":"publish","type":"post","link":"https:\/\/www.nicoleking.fr\/fr\/expositions\/expositions-personnelles\/55eme-salon-de-lamicale-des-amateurs-darts\/","title":{"rendered":"45\u00e8me Salon de l&rsquo;Amicale des Amateurs d&rsquo;Arts"},"content":{"rendered":"\n<h4 class=\"wp-block-heading\" id=\"45eme-salon-de-l-amicale-des-amateurs-d-arts-du-23-au-31-octobre-2021\">45\u00e8me Salon de l\u2019Amicale des Amateurs d\u2019Arts, du 23 au 31 octobre 2021.<\/h4>\n\n\n\n<p>\u00c9glise de la Madeleine, Place de la Madeleine &#8211; 75008 PARIS<\/p>\n\n\n\n<p>Nicole King est pour la premi\u00e8re fois, <strong>invit\u00e9e d\u2019honneur<\/strong> \u00e0 Paris dans les Salles Royales de l\u2019\u00c9glise de la Madeleine dans le 8\u00e8me arrondissement de Paris par l\u2019AAA (Amicale des Amateurs d\u2019Art), \u00e0 l\u2019occasion du &lsquo;Salon du 10 au 15&rsquo;. <\/p>\n\n\n\n<p>L\u2019\u0153uvre de Nicole King aux tortues marines : \u00ab Caretta, deux \u00e9cophases \u00bb a \u00e9t\u00e9 s\u00e9lectionn\u00e9e comme image pour l\u2019affiche du salon. <\/p>\n\n\n\n<p>Le vernissage aura lieu en pr\u00e9sence de Madame de Haute-Serre, Maire de Paris 8e.<\/p>\n\n\n\n<p><strong>Discours de Nicole King &#8211; vernissage du 45e salon de l\u2019Amicale des Amateurs d\u2019Art &#8211; la Madeleine<\/strong><\/p>\n\n\n\n<p>J\u2019ai eu l\u2019honneur et la joie de pr\u00e9senter mon travail \u00e0 la Madeleine, lors du vernissage du 45e salon de l\u2019Amicale des Amateurs d\u2019Art. Je fus enchant\u00e9e de pouvoir partager avec tous les visiteurs qui se sont d\u00e9plac\u00e9s et extr\u00eamement touch\u00e9e par les messages de soutien et d\u2019encouragement.<\/p>\n\n\n\n<figure class=\"wp-block-embed is-type-video is-provider-youtube wp-block-embed-youtube wp-embed-aspect-16-9 wp-has-aspect-ratio\"><div class=\"wp-block-embed__wrapper\">\n<iframe title=\"Discours de Nicole King - vernissage du 45e salon de l\u2019Amicale des Amateurs d\u2019Art - la Madeleine\" width=\"500\" height=\"281\" data-src=\"https:\/\/www.youtube.com\/embed\/pz9oFxISodQ?feature=oembed\" frameborder=\"0\" allow=\"accelerometer; autoplay; clipboard-write; encrypted-media; gyroscope; picture-in-picture; web-share\" referrerpolicy=\"strict-origin-when-cross-origin\" allowfullscreen src=\"data:image\/svg+xml;base64,PHN2ZyB3aWR0aD0iMSIgaGVpZ2h0PSIxIiB4bWxucz0iaHR0cDovL3d3dy53My5vcmcvMjAwMC9zdmciPjwvc3ZnPg==\" class=\"lazyload\" data-load-mode=\"1\"><\/iframe>\n<\/div><\/figure>\n\n\n\n<p><\/p>\n\n\n\n<p><strong>Vernissage<\/strong><\/p>\n\n\n\n<p>Vernissage du 45e salon de l\u2019Amicale des Amateurs d\u2019Art, Nicole King est pour la premi\u00e8re fois, invit\u00e9e d\u2019honneur \u00e0 Paris dans les Salles Royales de l\u2019\u00c9glise de la Madeleine dans le 8\u00e8me arrondissement &#8211; 23 octobre 2021<\/p>\n\n\n\n<figure class=\"wp-block-embed is-type-video is-provider-youtube wp-block-embed-youtube wp-embed-aspect-16-9 wp-has-aspect-ratio\"><div class=\"wp-block-embed__wrapper\">\n<iframe title=\"Vernissage du Salon des 3A \u00e0 la Madeleine - Nicole King\" width=\"500\" height=\"281\" data-src=\"https:\/\/www.youtube.com\/embed\/47A9jPp-Vt8?feature=oembed\" frameborder=\"0\" allow=\"accelerometer; autoplay; clipboard-write; encrypted-media; gyroscope; picture-in-picture; web-share\" referrerpolicy=\"strict-origin-when-cross-origin\" allowfullscreen src=\"data:image\/svg+xml;base64,PHN2ZyB3aWR0aD0iMSIgaGVpZ2h0PSIxIiB4bWxucz0iaHR0cDovL3d3dy53My5vcmcvMjAwMC9zdmciPjwvc3ZnPg==\" class=\"lazyload\" data-load-mode=\"1\"><\/iframe>\n<\/div><\/figure>\n\n\n\n<p><\/p>\n\n\n\n<p>Nicole King est pour la premi\u00e8re fois, invit\u00e9e d\u2019honneur \u00e0 Paris dans les Salles Royales de l\u2019\u00c9glise de la Madeleine dans le 8\u00e8me arrondissement de Paris par l\u2019AAA (Amicale des Amateurs d\u2019Art), \u00e0 l\u2019occasion du \u2018Salon du 10 au 15\u2019.<\/p>\n\n\n\n<figure class=\"wp-block-embed is-type-video is-provider-youtube wp-block-embed-youtube wp-embed-aspect-16-9 wp-has-aspect-ratio\"><div class=\"wp-block-embed__wrapper\">\n<iframe title=\"45\u00e8me Salon de l\u2019Amicale des Amateurs d\u2019Arts - \u00c9glise de la Madeleine - 8\u00e8me arrondissement\" width=\"500\" height=\"281\" data-src=\"https:\/\/www.youtube.com\/embed\/60Rwd0wc-Jk?feature=oembed\" frameborder=\"0\" allow=\"accelerometer; autoplay; clipboard-write; encrypted-media; gyroscope; picture-in-picture; web-share\" referrerpolicy=\"strict-origin-when-cross-origin\" allowfullscreen src=\"data:image\/svg+xml;base64,PHN2ZyB3aWR0aD0iMSIgaGVpZ2h0PSIxIiB4bWxucz0iaHR0cDovL3d3dy53My5vcmcvMjAwMC9zdmciPjwvc3ZnPg==\" class=\"lazyload\" data-load-mode=\"1\"><\/iframe>\n<\/div><\/figure>\n","protected":false},"excerpt":{"rendered":"<p>45\u00e8me Salon de l\u2019Amicale des Amateurs d\u2019Arts, du 23 au 31 octobre 2021.<\/p>\n","protected":false},"author":2,"featured_media":5301,"comment_status":"closed","ping_status":"open","sticky":true,"template":"","format":"standard","meta":{"_acf_changed":false,"site-sidebar-layout":"right-sidebar","site-content-layout":"default","ast-site-content-layout":"default","site-content-style":"default","site-sidebar-style":"default","ast-global-header-display":"","ast-banner-title-visibility":"","ast-main-header-display":"","ast-hfb-above-header-display":"","ast-hfb-below-header-display":"","ast-hfb-mobile-header-display":"","site-post-title":"","ast-breadcrumbs-content":"","ast-featured-img":"","footer-sml-layout":"","ast-disable-related-posts":"","theme-transparent-header-meta":"default","adv-header-id-meta":"","stick-header-meta":"","header-above-stick-meta":"","header-main-stick-meta":"","header-below-stick-meta":"","astra-migrate-meta-layouts":"default","ast-page-background-enabled":"default","ast-page-background-meta":{"desktop":{"background-color":"","background-image":"","background-repeat":"repeat","background-position":"center center","background-size":"auto","background-attachment":"scroll","background-type":"","background-media":"","overlay-type":"","overlay-color":"","overlay-opacity":"","overlay-gradient":""},"tablet":{"background-color":"","background-image":"","background-repeat":"repeat","background-position":"center center","background-size":"auto","background-attachment":"scroll","background-type":"","background-media":"","overlay-type":"","overlay-color":"","overlay-opacity":"","overlay-gradient":""},"mobile":{"background-color":"","background-image":"","background-repeat":"repeat","background-position":"center center","background-size":"auto","background-attachment":"scroll","background-type":"","background-media":"","overlay-type":"","overlay-color":"","overlay-opacity":"","overlay-gradient":""}},"ast-content-background-meta":{"desktop":{"background-color":"var(--ast-global-color-5)","background-image":"","background-repeat":"repeat","background-position":"center center","background-size":"auto","background-attachment":"scroll","background-type":"","background-media":"","overlay-type":"","overlay-color":"","overlay-opacity":"","overlay-gradient":""},"tablet":{"background-color":"var(--ast-global-color-5)","background-image":"","background-repeat":"repeat","background-position":"center center","background-size":"auto","background-attachment":"scroll","background-type":"","background-media":"","overlay-type":"","overlay-color":"","overlay-opacity":"","overlay-gradient":""},"mobile":{"background-color":"var(--ast-global-color-5)","background-image":"","background-repeat":"repeat","background-position":"center center","background-size":"auto","background-attachment":"scroll","background-type":"","background-media":"","overlay-type":"","overlay-color":"","overlay-opacity":"","overlay-gradient":""}},"footnotes":""},"categories":[8],"tags":[],"class_list":["post-977","post","type-post","status-publish","format-standard","has-post-thumbnail","hentry","category-expositions-personnelles"],"acf":[],"yoast_head":"<!-- This site is optimized with the Yoast SEO plugin v27.5 - https:\/\/yoast.com\/product\/yoast-seo-wordpress\/ -->\n<title>45\u00e8me Salon de l&#039;Amicale des Amateurs d&#039;Arts - Nicole King<\/title>\n<meta name=\"description\" content=\"45\u00e8me Salon de l\u2019Amicale des Amateurs d\u2019Arts, du 23 au 31 octobre 2021.\" \/>\n<meta name=\"robots\" content=\"index, follow, max-snippet:-1, max-image-preview:large, max-video-preview:-1\" \/>\n<link rel=\"canonical\" href=\"https:\/\/www.nicoleking.fr\/fr\/expositions\/expositions-personnelles\/55eme-salon-de-lamicale-des-amateurs-darts\/\" \/>\n<meta property=\"og:locale\" content=\"fr_FR\" \/>\n<meta property=\"og:type\" content=\"article\" \/>\n<meta property=\"og:title\" content=\"45\u00e8me Salon de l&#039;Amicale des Amateurs d&#039;Arts - Nicole King\" \/>\n<meta property=\"og:description\" content=\"45\u00e8me Salon de l\u2019Amicale des Amateurs d\u2019Arts, du 23 au 31 octobre 2021.\" \/>\n<meta property=\"og:url\" content=\"https:\/\/www.nicoleking.fr\/fr\/expositions\/expositions-personnelles\/55eme-salon-de-lamicale-des-amateurs-darts\/\" \/>\n<meta property=\"og:site_name\" content=\"Nicole King\" \/>\n<meta property=\"article:publisher\" content=\"https:\/\/www.facebook.com\/profile.php?id=100015090904429\" \/>\n<meta property=\"article:published_time\" content=\"2021-09-07T11:33:20+00:00\" \/>\n<meta property=\"article:modified_time\" content=\"2022-01-31T16:33:19+00:00\" \/>\n<meta property=\"og:image\" content=\"https:\/\/www.nicoleking.fr\/wp-content\/uploads\/2021\/09\/salonAAA-10-15-2021.jpg\" \/>\n\t<meta property=\"og:image:width\" content=\"800\" \/>\n\t<meta property=\"og:image:height\" content=\"469\" \/>\n\t<meta property=\"og:image:type\" content=\"image\/jpeg\" \/>\n<meta name=\"author\" content=\"Service Communication\" \/>\n<meta name=\"twitter:card\" content=\"summary_large_image\" \/>\n<meta name=\"twitter:label1\" content=\"\u00c9crit par\" \/>\n\t<meta name=\"twitter:data1\" content=\"Service Communication\" \/>\n\t<meta name=\"twitter:label2\" content=\"Dur\u00e9e de lecture estim\u00e9e\" \/>\n\t<meta name=\"twitter:data2\" content=\"2 minutes\" \/>\n<script type=\"application\/ld+json\" class=\"yoast-schema-graph\">{\"@context\":\"https:\\\/\\\/schema.org\",\"@graph\":[{\"@type\":\"Article\",\"@id\":\"https:\\\/\\\/www.nicoleking.fr\\\/fr\\\/expositions\\\/expositions-personnelles\\\/55eme-salon-de-lamicale-des-amateurs-darts\\\/#article\",\"isPartOf\":{\"@id\":\"https:\\\/\\\/www.nicoleking.fr\\\/fr\\\/expositions\\\/expositions-personnelles\\\/55eme-salon-de-lamicale-des-amateurs-darts\\\/\"},\"author\":{\"name\":\"Service Communication\",\"@id\":\"https:\\\/\\\/www.nicoleking.fr\\\/fr\\\/#\\\/schema\\\/person\\\/5c822eaa5b418d227f7c94179f2ec4f6\"},\"headline\":\"45\u00e8me Salon de l&rsquo;Amicale des Amateurs d&rsquo;Arts\",\"datePublished\":\"2021-09-07T11:33:20+00:00\",\"dateModified\":\"2022-01-31T16:33:19+00:00\",\"mainEntityOfPage\":{\"@id\":\"https:\\\/\\\/www.nicoleking.fr\\\/fr\\\/expositions\\\/expositions-personnelles\\\/55eme-salon-de-lamicale-des-amateurs-darts\\\/\"},\"wordCount\":297,\"publisher\":{\"@id\":\"https:\\\/\\\/www.nicoleking.fr\\\/fr\\\/#organization\"},\"image\":{\"@id\":\"https:\\\/\\\/www.nicoleking.fr\\\/fr\\\/expositions\\\/expositions-personnelles\\\/55eme-salon-de-lamicale-des-amateurs-darts\\\/#primaryimage\"},\"thumbnailUrl\":\"https:\\\/\\\/www.nicoleking.fr\\\/wp-content\\\/uploads\\\/2021\\\/09\\\/salonAAA-10-15-2021.jpg\",\"articleSection\":[\"Expositions personnelles\"],\"inLanguage\":\"fr-FR\"},{\"@type\":\"WebPage\",\"@id\":\"https:\\\/\\\/www.nicoleking.fr\\\/fr\\\/expositions\\\/expositions-personnelles\\\/55eme-salon-de-lamicale-des-amateurs-darts\\\/\",\"url\":\"https:\\\/\\\/www.nicoleking.fr\\\/fr\\\/expositions\\\/expositions-personnelles\\\/55eme-salon-de-lamicale-des-amateurs-darts\\\/\",\"name\":\"45\u00e8me Salon de l'Amicale des Amateurs d'Arts - Nicole King\",\"isPartOf\":{\"@id\":\"https:\\\/\\\/www.nicoleking.fr\\\/fr\\\/#website\"},\"primaryImageOfPage\":{\"@id\":\"https:\\\/\\\/www.nicoleking.fr\\\/fr\\\/expositions\\\/expositions-personnelles\\\/55eme-salon-de-lamicale-des-amateurs-darts\\\/#primaryimage\"},\"image\":{\"@id\":\"https:\\\/\\\/www.nicoleking.fr\\\/fr\\\/expositions\\\/expositions-personnelles\\\/55eme-salon-de-lamicale-des-amateurs-darts\\\/#primaryimage\"},\"thumbnailUrl\":\"https:\\\/\\\/www.nicoleking.fr\\\/wp-content\\\/uploads\\\/2021\\\/09\\\/salonAAA-10-15-2021.jpg\",\"datePublished\":\"2021-09-07T11:33:20+00:00\",\"dateModified\":\"2022-01-31T16:33:19+00:00\",\"description\":\"45\u00e8me Salon de l\u2019Amicale des Amateurs d\u2019Arts, du 23 au 31 octobre 2021.\",\"breadcrumb\":{\"@id\":\"https:\\\/\\\/www.nicoleking.fr\\\/fr\\\/expositions\\\/expositions-personnelles\\\/55eme-salon-de-lamicale-des-amateurs-darts\\\/#breadcrumb\"},\"inLanguage\":\"fr-FR\",\"potentialAction\":[{\"@type\":\"ReadAction\",\"target\":[\"https:\\\/\\\/www.nicoleking.fr\\\/fr\\\/expositions\\\/expositions-personnelles\\\/55eme-salon-de-lamicale-des-amateurs-darts\\\/\"]}]},{\"@type\":\"ImageObject\",\"inLanguage\":\"fr-FR\",\"@id\":\"https:\\\/\\\/www.nicoleking.fr\\\/fr\\\/expositions\\\/expositions-personnelles\\\/55eme-salon-de-lamicale-des-amateurs-darts\\\/#primaryimage\",\"url\":\"https:\\\/\\\/www.nicoleking.fr\\\/wp-content\\\/uploads\\\/2021\\\/09\\\/salonAAA-10-15-2021.jpg\",\"contentUrl\":\"https:\\\/\\\/www.nicoleking.fr\\\/wp-content\\\/uploads\\\/2021\\\/09\\\/salonAAA-10-15-2021.jpg\",\"width\":800,\"height\":469,\"caption\":\"45\u00e8me Salon du Dix au Quinze\"},{\"@type\":\"BreadcrumbList\",\"@id\":\"https:\\\/\\\/www.nicoleking.fr\\\/fr\\\/expositions\\\/expositions-personnelles\\\/55eme-salon-de-lamicale-des-amateurs-darts\\\/#breadcrumb\",\"itemListElement\":[{\"@type\":\"ListItem\",\"position\":1,\"name\":\"Accueil\",\"item\":\"https:\\\/\\\/www.nicoleking.fr\\\/fr\\\/\"},{\"@type\":\"ListItem\",\"position\":2,\"name\":\"Expositions\",\"item\":\"https:\\\/\\\/www.nicoleking.fr\\\/fr\\\/expositions\\\/\"},{\"@type\":\"ListItem\",\"position\":3,\"name\":\"Expositions personnelles\",\"item\":\"https:\\\/\\\/www.nicoleking.fr\\\/fr\\\/expositions\\\/expositions-personnelles\\\/\"},{\"@type\":\"ListItem\",\"position\":4,\"name\":\"45\u00e8me Salon de l&rsquo;Amicale des Amateurs d&rsquo;Arts\"}]},{\"@type\":\"WebSite\",\"@id\":\"https:\\\/\\\/www.nicoleking.fr\\\/fr\\\/#website\",\"url\":\"https:\\\/\\\/www.nicoleking.fr\\\/fr\\\/\",\"name\":\"Nicole King\",\"description\":\"Art &amp; Ecologie\",\"publisher\":{\"@id\":\"https:\\\/\\\/www.nicoleking.fr\\\/fr\\\/#organization\"},\"potentialAction\":[{\"@type\":\"SearchAction\",\"target\":{\"@type\":\"EntryPoint\",\"urlTemplate\":\"https:\\\/\\\/www.nicoleking.fr\\\/fr\\\/?s={search_term_string}\"},\"query-input\":{\"@type\":\"PropertyValueSpecification\",\"valueRequired\":true,\"valueName\":\"search_term_string\"}}],\"inLanguage\":\"fr-FR\"},{\"@type\":\"Organization\",\"@id\":\"https:\\\/\\\/www.nicoleking.fr\\\/fr\\\/#organization\",\"name\":\"Nicole King Ecoartist\",\"url\":\"https:\\\/\\\/www.nicoleking.fr\\\/fr\\\/\",\"logo\":{\"@type\":\"ImageObject\",\"inLanguage\":\"fr-FR\",\"@id\":\"https:\\\/\\\/www.nicoleking.fr\\\/fr\\\/#\\\/schema\\\/logo\\\/image\\\/\",\"url\":\"https:\\\/\\\/www.nicoleking.fr\\\/wp-content\\\/uploads\\\/2021\\\/06\\\/LogoNicoleKing.png\",\"contentUrl\":\"https:\\\/\\\/www.nicoleking.fr\\\/wp-content\\\/uploads\\\/2021\\\/06\\\/LogoNicoleKing.png\",\"width\":300,\"height\":127,\"caption\":\"Nicole King Ecoartist\"},\"image\":{\"@id\":\"https:\\\/\\\/www.nicoleking.fr\\\/fr\\\/#\\\/schema\\\/logo\\\/image\\\/\"},\"sameAs\":[\"https:\\\/\\\/www.facebook.com\\\/profile.php?id=100015090904429\",\"https:\\\/\\\/www.instagram.com\\\/nicolekingvolcy\\\/\",\"https:\\\/\\\/www.linkedin.com\\\/in\\\/nicole-king-2768ba69\\\/\"]},{\"@type\":\"Person\",\"@id\":\"https:\\\/\\\/www.nicoleking.fr\\\/fr\\\/#\\\/schema\\\/person\\\/5c822eaa5b418d227f7c94179f2ec4f6\",\"name\":\"Service Communication\",\"image\":{\"@type\":\"ImageObject\",\"inLanguage\":\"fr-FR\",\"@id\":\"https:\\\/\\\/secure.gravatar.com\\\/avatar\\\/394a3cf60ad806fe7bc8ff8819846cfe7d78e92112164b1b7f4d02cfc77091f1?s=96&d=mm&r=g\",\"url\":\"https:\\\/\\\/secure.gravatar.com\\\/avatar\\\/394a3cf60ad806fe7bc8ff8819846cfe7d78e92112164b1b7f4d02cfc77091f1?s=96&d=mm&r=g\",\"contentUrl\":\"https:\\\/\\\/secure.gravatar.com\\\/avatar\\\/394a3cf60ad806fe7bc8ff8819846cfe7d78e92112164b1b7f4d02cfc77091f1?s=96&d=mm&r=g\",\"caption\":\"Service Communication\"}}]}<\/script>\n<!-- \/ Yoast SEO plugin. -->","yoast_head_json":{"title":"45\u00e8me Salon de l'Amicale des Amateurs d'Arts - Nicole King","description":"45\u00e8me Salon de l\u2019Amicale des Amateurs d\u2019Arts, du 23 au 31 octobre 2021.","robots":{"index":"index","follow":"follow","max-snippet":"max-snippet:-1","max-image-preview":"max-image-preview:large","max-video-preview":"max-video-preview:-1"},"canonical":"https:\/\/www.nicoleking.fr\/fr\/expositions\/expositions-personnelles\/55eme-salon-de-lamicale-des-amateurs-darts\/","og_locale":"fr_FR","og_type":"article","og_title":"45\u00e8me Salon de l'Amicale des Amateurs d'Arts - Nicole King","og_description":"45\u00e8me Salon de l\u2019Amicale des Amateurs d\u2019Arts, du 23 au 31 octobre 2021.","og_url":"https:\/\/www.nicoleking.fr\/fr\/expositions\/expositions-personnelles\/55eme-salon-de-lamicale-des-amateurs-darts\/","og_site_name":"Nicole King","article_publisher":"https:\/\/www.facebook.com\/profile.php?id=100015090904429","article_published_time":"2021-09-07T11:33:20+00:00","article_modified_time":"2022-01-31T16:33:19+00:00","og_image":[{"width":800,"height":469,"url":"https:\/\/www.nicoleking.fr\/wp-content\/uploads\/2021\/09\/salonAAA-10-15-2021.jpg","type":"image\/jpeg"}],"author":"Service Communication","twitter_card":"summary_large_image","twitter_misc":{"\u00c9crit par":"Service Communication","Dur\u00e9e de lecture estim\u00e9e":"2 minutes"},"schema":{"@context":"https:\/\/schema.org","@graph":[{"@type":"Article","@id":"https:\/\/www.nicoleking.fr\/fr\/expositions\/expositions-personnelles\/55eme-salon-de-lamicale-des-amateurs-darts\/#article","isPartOf":{"@id":"https:\/\/www.nicoleking.fr\/fr\/expositions\/expositions-personnelles\/55eme-salon-de-lamicale-des-amateurs-darts\/"},"author":{"name":"Service Communication","@id":"https:\/\/www.nicoleking.fr\/fr\/#\/schema\/person\/5c822eaa5b418d227f7c94179f2ec4f6"},"headline":"45\u00e8me Salon de l&rsquo;Amicale des Amateurs d&rsquo;Arts","datePublished":"2021-09-07T11:33:20+00:00","dateModified":"2022-01-31T16:33:19+00:00","mainEntityOfPage":{"@id":"https:\/\/www.nicoleking.fr\/fr\/expositions\/expositions-personnelles\/55eme-salon-de-lamicale-des-amateurs-darts\/"},"wordCount":297,"publisher":{"@id":"https:\/\/www.nicoleking.fr\/fr\/#organization"},"image":{"@id":"https:\/\/www.nicoleking.fr\/fr\/expositions\/expositions-personnelles\/55eme-salon-de-lamicale-des-amateurs-darts\/#primaryimage"},"thumbnailUrl":"https:\/\/www.nicoleking.fr\/wp-content\/uploads\/2021\/09\/salonAAA-10-15-2021.jpg","articleSection":["Expositions personnelles"],"inLanguage":"fr-FR"},{"@type":"WebPage","@id":"https:\/\/www.nicoleking.fr\/fr\/expositions\/expositions-personnelles\/55eme-salon-de-lamicale-des-amateurs-darts\/","url":"https:\/\/www.nicoleking.fr\/fr\/expositions\/expositions-personnelles\/55eme-salon-de-lamicale-des-amateurs-darts\/","name":"45\u00e8me Salon de l'Amicale des Amateurs d'Arts - Nicole King","isPartOf":{"@id":"https:\/\/www.nicoleking.fr\/fr\/#website"},"primaryImageOfPage":{"@id":"https:\/\/www.nicoleking.fr\/fr\/expositions\/expositions-personnelles\/55eme-salon-de-lamicale-des-amateurs-darts\/#primaryimage"},"image":{"@id":"https:\/\/www.nicoleking.fr\/fr\/expositions\/expositions-personnelles\/55eme-salon-de-lamicale-des-amateurs-darts\/#primaryimage"},"thumbnailUrl":"https:\/\/www.nicoleking.fr\/wp-content\/uploads\/2021\/09\/salonAAA-10-15-2021.jpg","datePublished":"2021-09-07T11:33:20+00:00","dateModified":"2022-01-31T16:33:19+00:00","description":"45\u00e8me Salon de l\u2019Amicale des Amateurs d\u2019Arts, du 23 au 31 octobre 2021.","breadcrumb":{"@id":"https:\/\/www.nicoleking.fr\/fr\/expositions\/expositions-personnelles\/55eme-salon-de-lamicale-des-amateurs-darts\/#breadcrumb"},"inLanguage":"fr-FR","potentialAction":[{"@type":"ReadAction","target":["https:\/\/www.nicoleking.fr\/fr\/expositions\/expositions-personnelles\/55eme-salon-de-lamicale-des-amateurs-darts\/"]}]},{"@type":"ImageObject","inLanguage":"fr-FR","@id":"https:\/\/www.nicoleking.fr\/fr\/expositions\/expositions-personnelles\/55eme-salon-de-lamicale-des-amateurs-darts\/#primaryimage","url":"https:\/\/www.nicoleking.fr\/wp-content\/uploads\/2021\/09\/salonAAA-10-15-2021.jpg","contentUrl":"https:\/\/www.nicoleking.fr\/wp-content\/uploads\/2021\/09\/salonAAA-10-15-2021.jpg","width":800,"height":469,"caption":"45\u00e8me Salon du Dix au Quinze"},{"@type":"BreadcrumbList","@id":"https:\/\/www.nicoleking.fr\/fr\/expositions\/expositions-personnelles\/55eme-salon-de-lamicale-des-amateurs-darts\/#breadcrumb","itemListElement":[{"@type":"ListItem","position":1,"name":"Accueil","item":"https:\/\/www.nicoleking.fr\/fr\/"},{"@type":"ListItem","position":2,"name":"Expositions","item":"https:\/\/www.nicoleking.fr\/fr\/expositions\/"},{"@type":"ListItem","position":3,"name":"Expositions personnelles","item":"https:\/\/www.nicoleking.fr\/fr\/expositions\/expositions-personnelles\/"},{"@type":"ListItem","position":4,"name":"45\u00e8me Salon de l&rsquo;Amicale des Amateurs d&rsquo;Arts"}]},{"@type":"WebSite","@id":"https:\/\/www.nicoleking.fr\/fr\/#website","url":"https:\/\/www.nicoleking.fr\/fr\/","name":"Nicole King","description":"Art &amp; Ecologie","publisher":{"@id":"https:\/\/www.nicoleking.fr\/fr\/#organization"},"potentialAction":[{"@type":"SearchAction","target":{"@type":"EntryPoint","urlTemplate":"https:\/\/www.nicoleking.fr\/fr\/?s={search_term_string}"},"query-input":{"@type":"PropertyValueSpecification","valueRequired":true,"valueName":"search_term_string"}}],"inLanguage":"fr-FR"},{"@type":"Organization","@id":"https:\/\/www.nicoleking.fr\/fr\/#organization","name":"Nicole King Ecoartist","url":"https:\/\/www.nicoleking.fr\/fr\/","logo":{"@type":"ImageObject","inLanguage":"fr-FR","@id":"https:\/\/www.nicoleking.fr\/fr\/#\/schema\/logo\/image\/","url":"https:\/\/www.nicoleking.fr\/wp-content\/uploads\/2021\/06\/LogoNicoleKing.png","contentUrl":"https:\/\/www.nicoleking.fr\/wp-content\/uploads\/2021\/06\/LogoNicoleKing.png","width":300,"height":127,"caption":"Nicole King Ecoartist"},"image":{"@id":"https:\/\/www.nicoleking.fr\/fr\/#\/schema\/logo\/image\/"},"sameAs":["https:\/\/www.facebook.com\/profile.php?id=100015090904429","https:\/\/www.instagram.com\/nicolekingvolcy\/","https:\/\/www.linkedin.com\/in\/nicole-king-2768ba69\/"]},{"@type":"Person","@id":"https:\/\/www.nicoleking.fr\/fr\/#\/schema\/person\/5c822eaa5b418d227f7c94179f2ec4f6","name":"Service Communication","image":{"@type":"ImageObject","inLanguage":"fr-FR","@id":"https:\/\/secure.gravatar.com\/avatar\/394a3cf60ad806fe7bc8ff8819846cfe7d78e92112164b1b7f4d02cfc77091f1?s=96&d=mm&r=g","url":"https:\/\/secure.gravatar.com\/avatar\/394a3cf60ad806fe7bc8ff8819846cfe7d78e92112164b1b7f4d02cfc77091f1?s=96&d=mm&r=g","contentUrl":"https:\/\/secure.gravatar.com\/avatar\/394a3cf60ad806fe7bc8ff8819846cfe7d78e92112164b1b7f4d02cfc77091f1?s=96&d=mm&r=g","caption":"Service Communication"}}]}},"_links":{"self":[{"href":"https:\/\/www.nicoleking.fr\/fr\/wp-json\/wp\/v2\/posts\/977","targetHints":{"allow":["GET"]}}],"collection":[{"href":"https:\/\/www.nicoleking.fr\/fr\/wp-json\/wp\/v2\/posts"}],"about":[{"href":"https:\/\/www.nicoleking.fr\/fr\/wp-json\/wp\/v2\/types\/post"}],"author":[{"embeddable":true,"href":"https:\/\/www.nicoleking.fr\/fr\/wp-json\/wp\/v2\/users\/2"}],"replies":[{"embeddable":true,"href":"https:\/\/www.nicoleking.fr\/fr\/wp-json\/wp\/v2\/comments?post=977"}],"version-history":[{"count":0,"href":"https:\/\/www.nicoleking.fr\/fr\/wp-json\/wp\/v2\/posts\/977\/revisions"}],"wp:featuredmedia":[{"embeddable":true,"href":"https:\/\/www.nicoleking.fr\/fr\/wp-json\/wp\/v2\/media\/5301"}],"wp:attachment":[{"href":"https:\/\/www.nicoleking.fr\/fr\/wp-json\/wp\/v2\/media?parent=977"}],"wp:term":[{"taxonomy":"category","embeddable":true,"href":"https:\/\/www.nicoleking.fr\/fr\/wp-json\/wp\/v2\/categories?post=977"},{"taxonomy":"post_tag","embeddable":true,"href":"https:\/\/www.nicoleking.fr\/fr\/wp-json\/wp\/v2\/tags?post=977"}],"curies":[{"name":"wp","href":"https:\/\/api.w.org\/{rel}","templated":true}]}}