{"id":6592,"date":"2023-01-30T17:24:59","date_gmt":"2023-01-30T16:24:59","guid":{"rendered":"https:\/\/www.nicoleking.fr\/?p=6592"},"modified":"2023-03-01T20:12:59","modified_gmt":"2023-03-01T19:12:59","slug":"univers-des-arts-n210","status":"publish","type":"post","link":"https:\/\/www.nicoleking.fr\/fr\/actualites\/presse\/univers-des-arts-n210\/","title":{"rendered":"Univers des Arts N\u00b0210"},"content":{"rendered":"\n<p>Article paru dans l&rsquo;Univers des Arts N\u00b0210 :<\/p>\n\n\n\n<p>La Mairie du 8\u00e8me arrondissement de Paris pr\u00e9sente une r\u00e9trospective de l\u2019artiste-pionni\u00e8re de la peinture militante \u00e9cologique, Nicole King, en lien avec la th\u00e9matique de l\u2019eau et des oc\u00e9ans. Le bel H\u00f4tel Cail offrira \u00e0 Nicole King, artiste interdisciplinaire au carrefour de l\u2019art, du militantisme \u00e9cologique et de la science, sa grande salle de 200 m2 pour y exposer une petite centaine de toiles. Artiste peintre et ing\u00e9nieure \u00e9cologue, Nicole King a choisi de se mettre au service de la cause \u00e9cologique en constituant un corpus d\u2019images \u00e0 m\u00eame de rendre compte de l\u2019ampleur des d\u00e9fis de l\u2019Anthropoc\u00e8ne.<\/p>\n\n\n\n<p>Elle a effectu\u00e9 de nombreuses missions \u00e0 l\u2019international, comme ing\u00e9nieure environnement dans la production p\u00e9troli\u00e8re, puis en tant qu\u2019expert Ressources en eau &amp; Pollution au WWF International.<\/p>\n\n\n\n<p>Depuis bient\u00f4t trente ans, elle s\u2019est tourn\u00e9e vers la peinture, sans oublier son pass\u00e9 de scientifique. Elle a \u00e9t\u00e9 le seule \u00e9co-artiste s\u00e9lectionn\u00e9e pour pr\u00e9senter une exposition personnelle de 35 toiles au Congr\u00e8s Mondial de la Nature de l\u2019IUCN \u00e0 Marseille en 2021.<\/p>\n\n\n\n<p>Le r\u00f4le p\u00e9dagogique de la peinture fait partie int\u00e9grante de sa d\u00e9marche, elle enseigne le \u00abR\u00e9cup\u2019art\u00bb depuis 2018, en milieu scolaire (Internat d\u2019excellence de Marly-le-Roi).<\/p>\n","protected":false},"excerpt":{"rendered":"<p>Article paru dans l&rsquo;Univers des Arts N\u00b0210 lors de sa r\u00e9trospective \u00e0 la Mairie du 8\u00e8me de Paris, en janvier 2023.<\/p>\n","protected":false},"author":2,"featured_media":6593,"comment_status":"closed","ping_status":"open","sticky":false,"template":"","format":"standard","meta":{"_acf_changed":false,"site-sidebar-layout":"default","site-content-layout":"","ast-site-content-layout":"default","site-content-style":"default","site-sidebar-style":"default","ast-global-header-display":"","ast-banner-title-visibility":"","ast-main-header-display":"","ast-hfb-above-header-display":"","ast-hfb-below-header-display":"","ast-hfb-mobile-header-display":"","site-post-title":"","ast-breadcrumbs-content":"","ast-featured-img":"","footer-sml-layout":"","ast-disable-related-posts":"","theme-transparent-header-meta":"","adv-header-id-meta":"","stick-header-meta":"","header-above-stick-meta":"","header-main-stick-meta":"","header-below-stick-meta":"","astra-migrate-meta-layouts":"default","ast-page-background-enabled":"default","ast-page-background-meta":{"desktop":{"background-color":"","background-image":"","background-repeat":"repeat","background-position":"center center","background-size":"auto","background-attachment":"scroll","background-type":"","background-media":"","overlay-type":"","overlay-color":"","overlay-opacity":"","overlay-gradient":""},"tablet":{"background-color":"","background-image":"","background-repeat":"repeat","background-position":"center center","background-size":"auto","background-attachment":"scroll","background-type":"","background-media":"","overlay-type":"","overlay-color":"","overlay-opacity":"","overlay-gradient":""},"mobile":{"background-color":"","background-image":"","background-repeat":"repeat","background-position":"center center","background-size":"auto","background-attachment":"scroll","background-type":"","background-media":"","overlay-type":"","overlay-color":"","overlay-opacity":"","overlay-gradient":""}},"ast-content-background-meta":{"desktop":{"background-color":"var(--ast-global-color-5)","background-image":"","background-repeat":"repeat","background-position":"center center","background-size":"auto","background-attachment":"scroll","background-type":"","background-media":"","overlay-type":"","overlay-color":"","overlay-opacity":"","overlay-gradient":""},"tablet":{"background-color":"var(--ast-global-color-5)","background-image":"","background-repeat":"repeat","background-position":"center center","background-size":"auto","background-attachment":"scroll","background-type":"","background-media":"","overlay-type":"","overlay-color":"","overlay-opacity":"","overlay-gradient":""},"mobile":{"background-color":"var(--ast-global-color-5)","background-image":"","background-repeat":"repeat","background-position":"center center","background-size":"auto","background-attachment":"scroll","background-type":"","background-media":"","overlay-type":"","overlay-color":"","overlay-opacity":"","overlay-gradient":""}},"footnotes":""},"categories":[13],"tags":[],"class_list":["post-6592","post","type-post","status-publish","format-standard","has-post-thumbnail","hentry","category-presse"],"acf":[],"yoast_head":"<!-- This site is optimized with the Yoast SEO plugin v27.5 - https:\/\/yoast.com\/product\/yoast-seo-wordpress\/ -->\n<title>Univers des Arts N\u00b0210 - Nicole King<\/title>\n<meta name=\"description\" content=\"Article paru dans l&#039;Univers des Arts N\u00b0210 lors de sa r\u00e9trospective \u00e0 la Mairie du 8\u00e8me de Paris, en janvier 2023.\" \/>\n<meta name=\"robots\" content=\"index, follow, max-snippet:-1, max-image-preview:large, max-video-preview:-1\" \/>\n<link rel=\"canonical\" href=\"https:\/\/www.nicoleking.fr\/fr\/actualites\/presse\/univers-des-arts-n210\/\" \/>\n<meta property=\"og:locale\" content=\"fr_FR\" \/>\n<meta property=\"og:type\" content=\"article\" \/>\n<meta property=\"og:title\" content=\"Univers des Arts N\u00b0210 - Nicole King\" \/>\n<meta property=\"og:description\" content=\"Article paru dans l&#039;Univers des Arts N\u00b0210 lors de sa r\u00e9trospective \u00e0 la Mairie du 8\u00e8me de Paris, en janvier 2023.\" \/>\n<meta property=\"og:url\" content=\"https:\/\/www.nicoleking.fr\/fr\/actualites\/presse\/univers-des-arts-n210\/\" \/>\n<meta property=\"og:site_name\" content=\"Nicole King\" \/>\n<meta property=\"article:publisher\" content=\"https:\/\/www.facebook.com\/profile.php?id=100015090904429\" \/>\n<meta property=\"article:published_time\" content=\"2023-01-30T16:24:59+00:00\" \/>\n<meta property=\"article:modified_time\" content=\"2023-03-01T19:12:59+00:00\" \/>\n<meta property=\"og:image\" content=\"https:\/\/www.nicoleking.fr\/wp-content\/uploads\/2023\/01\/univers-arts-210.jpg\" \/>\n\t<meta property=\"og:image:width\" content=\"800\" \/>\n\t<meta property=\"og:image:height\" content=\"469\" \/>\n\t<meta property=\"og:image:type\" content=\"image\/jpeg\" \/>\n<meta name=\"author\" content=\"Service Communication\" \/>\n<meta name=\"twitter:card\" content=\"summary_large_image\" \/>\n<meta name=\"twitter:label1\" content=\"\u00c9crit par\" \/>\n\t<meta name=\"twitter:data1\" content=\"Service Communication\" \/>\n\t<meta name=\"twitter:label2\" content=\"Dur\u00e9e de lecture estim\u00e9e\" \/>\n\t<meta name=\"twitter:data2\" content=\"2 minutes\" \/>\n<script type=\"application\/ld+json\" class=\"yoast-schema-graph\">{\"@context\":\"https:\\\/\\\/schema.org\",\"@graph\":[{\"@type\":\"Article\",\"@id\":\"https:\\\/\\\/www.nicoleking.fr\\\/fr\\\/actualites\\\/presse\\\/univers-des-arts-n210\\\/#article\",\"isPartOf\":{\"@id\":\"https:\\\/\\\/www.nicoleking.fr\\\/fr\\\/actualites\\\/presse\\\/univers-des-arts-n210\\\/\"},\"author\":{\"name\":\"Service Communication\",\"@id\":\"https:\\\/\\\/www.nicoleking.fr\\\/fr\\\/#\\\/schema\\\/person\\\/5c822eaa5b418d227f7c94179f2ec4f6\"},\"headline\":\"Univers des Arts N\u00b0210\",\"datePublished\":\"2023-01-30T16:24:59+00:00\",\"dateModified\":\"2023-03-01T19:12:59+00:00\",\"mainEntityOfPage\":{\"@id\":\"https:\\\/\\\/www.nicoleking.fr\\\/fr\\\/actualites\\\/presse\\\/univers-des-arts-n210\\\/\"},\"wordCount\":233,\"publisher\":{\"@id\":\"https:\\\/\\\/www.nicoleking.fr\\\/fr\\\/#organization\"},\"image\":{\"@id\":\"https:\\\/\\\/www.nicoleking.fr\\\/fr\\\/actualites\\\/presse\\\/univers-des-arts-n210\\\/#primaryimage\"},\"thumbnailUrl\":\"https:\\\/\\\/www.nicoleking.fr\\\/wp-content\\\/uploads\\\/2023\\\/01\\\/univers-arts-210.jpg\",\"articleSection\":[\"Presse\"],\"inLanguage\":\"fr-FR\"},{\"@type\":\"WebPage\",\"@id\":\"https:\\\/\\\/www.nicoleking.fr\\\/fr\\\/actualites\\\/presse\\\/univers-des-arts-n210\\\/\",\"url\":\"https:\\\/\\\/www.nicoleking.fr\\\/fr\\\/actualites\\\/presse\\\/univers-des-arts-n210\\\/\",\"name\":\"Univers des Arts N\u00b0210 - Nicole King\",\"isPartOf\":{\"@id\":\"https:\\\/\\\/www.nicoleking.fr\\\/fr\\\/#website\"},\"primaryImageOfPage\":{\"@id\":\"https:\\\/\\\/www.nicoleking.fr\\\/fr\\\/actualites\\\/presse\\\/univers-des-arts-n210\\\/#primaryimage\"},\"image\":{\"@id\":\"https:\\\/\\\/www.nicoleking.fr\\\/fr\\\/actualites\\\/presse\\\/univers-des-arts-n210\\\/#primaryimage\"},\"thumbnailUrl\":\"https:\\\/\\\/www.nicoleking.fr\\\/wp-content\\\/uploads\\\/2023\\\/01\\\/univers-arts-210.jpg\",\"datePublished\":\"2023-01-30T16:24:59+00:00\",\"dateModified\":\"2023-03-01T19:12:59+00:00\",\"description\":\"Article paru dans l'Univers des Arts N\u00b0210 lors de sa r\u00e9trospective \u00e0 la Mairie du 8\u00e8me de Paris, en janvier 2023.\",\"breadcrumb\":{\"@id\":\"https:\\\/\\\/www.nicoleking.fr\\\/fr\\\/actualites\\\/presse\\\/univers-des-arts-n210\\\/#breadcrumb\"},\"inLanguage\":\"fr-FR\",\"potentialAction\":[{\"@type\":\"ReadAction\",\"target\":[\"https:\\\/\\\/www.nicoleking.fr\\\/fr\\\/actualites\\\/presse\\\/univers-des-arts-n210\\\/\"]}]},{\"@type\":\"ImageObject\",\"inLanguage\":\"fr-FR\",\"@id\":\"https:\\\/\\\/www.nicoleking.fr\\\/fr\\\/actualites\\\/presse\\\/univers-des-arts-n210\\\/#primaryimage\",\"url\":\"https:\\\/\\\/www.nicoleking.fr\\\/wp-content\\\/uploads\\\/2023\\\/01\\\/univers-arts-210.jpg\",\"contentUrl\":\"https:\\\/\\\/www.nicoleking.fr\\\/wp-content\\\/uploads\\\/2023\\\/01\\\/univers-arts-210.jpg\",\"width\":800,\"height\":469,\"caption\":\"Univers des Arts n\u00b0210\"},{\"@type\":\"BreadcrumbList\",\"@id\":\"https:\\\/\\\/www.nicoleking.fr\\\/fr\\\/actualites\\\/presse\\\/univers-des-arts-n210\\\/#breadcrumb\",\"itemListElement\":[{\"@type\":\"ListItem\",\"position\":1,\"name\":\"Accueil\",\"item\":\"https:\\\/\\\/www.nicoleking.fr\\\/fr\\\/\"},{\"@type\":\"ListItem\",\"position\":2,\"name\":\"Actualit\u00e9s\",\"item\":\"https:\\\/\\\/www.nicoleking.fr\\\/fr\\\/actualites\\\/\"},{\"@type\":\"ListItem\",\"position\":3,\"name\":\"Presse\",\"item\":\"https:\\\/\\\/www.nicoleking.fr\\\/fr\\\/actualites\\\/presse\\\/\"},{\"@type\":\"ListItem\",\"position\":4,\"name\":\"Univers des Arts N\u00b0210\"}]},{\"@type\":\"WebSite\",\"@id\":\"https:\\\/\\\/www.nicoleking.fr\\\/fr\\\/#website\",\"url\":\"https:\\\/\\\/www.nicoleking.fr\\\/fr\\\/\",\"name\":\"Nicole King\",\"description\":\"Art &amp; Ecologie\",\"publisher\":{\"@id\":\"https:\\\/\\\/www.nicoleking.fr\\\/fr\\\/#organization\"},\"potentialAction\":[{\"@type\":\"SearchAction\",\"target\":{\"@type\":\"EntryPoint\",\"urlTemplate\":\"https:\\\/\\\/www.nicoleking.fr\\\/fr\\\/?s={search_term_string}\"},\"query-input\":{\"@type\":\"PropertyValueSpecification\",\"valueRequired\":true,\"valueName\":\"search_term_string\"}}],\"inLanguage\":\"fr-FR\"},{\"@type\":\"Organization\",\"@id\":\"https:\\\/\\\/www.nicoleking.fr\\\/fr\\\/#organization\",\"name\":\"Nicole King Ecoartist\",\"url\":\"https:\\\/\\\/www.nicoleking.fr\\\/fr\\\/\",\"logo\":{\"@type\":\"ImageObject\",\"inLanguage\":\"fr-FR\",\"@id\":\"https:\\\/\\\/www.nicoleking.fr\\\/fr\\\/#\\\/schema\\\/logo\\\/image\\\/\",\"url\":\"https:\\\/\\\/www.nicoleking.fr\\\/wp-content\\\/uploads\\\/2021\\\/06\\\/LogoNicoleKing.png\",\"contentUrl\":\"https:\\\/\\\/www.nicoleking.fr\\\/wp-content\\\/uploads\\\/2021\\\/06\\\/LogoNicoleKing.png\",\"width\":300,\"height\":127,\"caption\":\"Nicole King Ecoartist\"},\"image\":{\"@id\":\"https:\\\/\\\/www.nicoleking.fr\\\/fr\\\/#\\\/schema\\\/logo\\\/image\\\/\"},\"sameAs\":[\"https:\\\/\\\/www.facebook.com\\\/profile.php?id=100015090904429\",\"https:\\\/\\\/www.instagram.com\\\/nicolekingvolcy\\\/\",\"https:\\\/\\\/www.linkedin.com\\\/in\\\/nicole-king-2768ba69\\\/\"]},{\"@type\":\"Person\",\"@id\":\"https:\\\/\\\/www.nicoleking.fr\\\/fr\\\/#\\\/schema\\\/person\\\/5c822eaa5b418d227f7c94179f2ec4f6\",\"name\":\"Service Communication\",\"image\":{\"@type\":\"ImageObject\",\"inLanguage\":\"fr-FR\",\"@id\":\"https:\\\/\\\/secure.gravatar.com\\\/avatar\\\/394a3cf60ad806fe7bc8ff8819846cfe7d78e92112164b1b7f4d02cfc77091f1?s=96&d=mm&r=g\",\"url\":\"https:\\\/\\\/secure.gravatar.com\\\/avatar\\\/394a3cf60ad806fe7bc8ff8819846cfe7d78e92112164b1b7f4d02cfc77091f1?s=96&d=mm&r=g\",\"contentUrl\":\"https:\\\/\\\/secure.gravatar.com\\\/avatar\\\/394a3cf60ad806fe7bc8ff8819846cfe7d78e92112164b1b7f4d02cfc77091f1?s=96&d=mm&r=g\",\"caption\":\"Service Communication\"}}]}<\/script>\n<!-- \/ Yoast SEO plugin. -->","yoast_head_json":{"title":"Univers des Arts N\u00b0210 - Nicole King","description":"Article paru dans l'Univers des Arts N\u00b0210 lors de sa r\u00e9trospective \u00e0 la Mairie du 8\u00e8me de Paris, en janvier 2023.","robots":{"index":"index","follow":"follow","max-snippet":"max-snippet:-1","max-image-preview":"max-image-preview:large","max-video-preview":"max-video-preview:-1"},"canonical":"https:\/\/www.nicoleking.fr\/fr\/actualites\/presse\/univers-des-arts-n210\/","og_locale":"fr_FR","og_type":"article","og_title":"Univers des Arts N\u00b0210 - Nicole King","og_description":"Article paru dans l'Univers des Arts N\u00b0210 lors de sa r\u00e9trospective \u00e0 la Mairie du 8\u00e8me de Paris, en janvier 2023.","og_url":"https:\/\/www.nicoleking.fr\/fr\/actualites\/presse\/univers-des-arts-n210\/","og_site_name":"Nicole King","article_publisher":"https:\/\/www.facebook.com\/profile.php?id=100015090904429","article_published_time":"2023-01-30T16:24:59+00:00","article_modified_time":"2023-03-01T19:12:59+00:00","og_image":[{"width":800,"height":469,"url":"https:\/\/www.nicoleking.fr\/wp-content\/uploads\/2023\/01\/univers-arts-210.jpg","type":"image\/jpeg"}],"author":"Service Communication","twitter_card":"summary_large_image","twitter_misc":{"\u00c9crit par":"Service Communication","Dur\u00e9e de lecture estim\u00e9e":"2 minutes"},"schema":{"@context":"https:\/\/schema.org","@graph":[{"@type":"Article","@id":"https:\/\/www.nicoleking.fr\/fr\/actualites\/presse\/univers-des-arts-n210\/#article","isPartOf":{"@id":"https:\/\/www.nicoleking.fr\/fr\/actualites\/presse\/univers-des-arts-n210\/"},"author":{"name":"Service Communication","@id":"https:\/\/www.nicoleking.fr\/fr\/#\/schema\/person\/5c822eaa5b418d227f7c94179f2ec4f6"},"headline":"Univers des Arts N\u00b0210","datePublished":"2023-01-30T16:24:59+00:00","dateModified":"2023-03-01T19:12:59+00:00","mainEntityOfPage":{"@id":"https:\/\/www.nicoleking.fr\/fr\/actualites\/presse\/univers-des-arts-n210\/"},"wordCount":233,"publisher":{"@id":"https:\/\/www.nicoleking.fr\/fr\/#organization"},"image":{"@id":"https:\/\/www.nicoleking.fr\/fr\/actualites\/presse\/univers-des-arts-n210\/#primaryimage"},"thumbnailUrl":"https:\/\/www.nicoleking.fr\/wp-content\/uploads\/2023\/01\/univers-arts-210.jpg","articleSection":["Presse"],"inLanguage":"fr-FR"},{"@type":"WebPage","@id":"https:\/\/www.nicoleking.fr\/fr\/actualites\/presse\/univers-des-arts-n210\/","url":"https:\/\/www.nicoleking.fr\/fr\/actualites\/presse\/univers-des-arts-n210\/","name":"Univers des Arts N\u00b0210 - Nicole King","isPartOf":{"@id":"https:\/\/www.nicoleking.fr\/fr\/#website"},"primaryImageOfPage":{"@id":"https:\/\/www.nicoleking.fr\/fr\/actualites\/presse\/univers-des-arts-n210\/#primaryimage"},"image":{"@id":"https:\/\/www.nicoleking.fr\/fr\/actualites\/presse\/univers-des-arts-n210\/#primaryimage"},"thumbnailUrl":"https:\/\/www.nicoleking.fr\/wp-content\/uploads\/2023\/01\/univers-arts-210.jpg","datePublished":"2023-01-30T16:24:59+00:00","dateModified":"2023-03-01T19:12:59+00:00","description":"Article paru dans l'Univers des Arts N\u00b0210 lors de sa r\u00e9trospective \u00e0 la Mairie du 8\u00e8me de Paris, en janvier 2023.","breadcrumb":{"@id":"https:\/\/www.nicoleking.fr\/fr\/actualites\/presse\/univers-des-arts-n210\/#breadcrumb"},"inLanguage":"fr-FR","potentialAction":[{"@type":"ReadAction","target":["https:\/\/www.nicoleking.fr\/fr\/actualites\/presse\/univers-des-arts-n210\/"]}]},{"@type":"ImageObject","inLanguage":"fr-FR","@id":"https:\/\/www.nicoleking.fr\/fr\/actualites\/presse\/univers-des-arts-n210\/#primaryimage","url":"https:\/\/www.nicoleking.fr\/wp-content\/uploads\/2023\/01\/univers-arts-210.jpg","contentUrl":"https:\/\/www.nicoleking.fr\/wp-content\/uploads\/2023\/01\/univers-arts-210.jpg","width":800,"height":469,"caption":"Univers des Arts n\u00b0210"},{"@type":"BreadcrumbList","@id":"https:\/\/www.nicoleking.fr\/fr\/actualites\/presse\/univers-des-arts-n210\/#breadcrumb","itemListElement":[{"@type":"ListItem","position":1,"name":"Accueil","item":"https:\/\/www.nicoleking.fr\/fr\/"},{"@type":"ListItem","position":2,"name":"Actualit\u00e9s","item":"https:\/\/www.nicoleking.fr\/fr\/actualites\/"},{"@type":"ListItem","position":3,"name":"Presse","item":"https:\/\/www.nicoleking.fr\/fr\/actualites\/presse\/"},{"@type":"ListItem","position":4,"name":"Univers des Arts N\u00b0210"}]},{"@type":"WebSite","@id":"https:\/\/www.nicoleking.fr\/fr\/#website","url":"https:\/\/www.nicoleking.fr\/fr\/","name":"Nicole King","description":"Art &amp; Ecologie","publisher":{"@id":"https:\/\/www.nicoleking.fr\/fr\/#organization"},"potentialAction":[{"@type":"SearchAction","target":{"@type":"EntryPoint","urlTemplate":"https:\/\/www.nicoleking.fr\/fr\/?s={search_term_string}"},"query-input":{"@type":"PropertyValueSpecification","valueRequired":true,"valueName":"search_term_string"}}],"inLanguage":"fr-FR"},{"@type":"Organization","@id":"https:\/\/www.nicoleking.fr\/fr\/#organization","name":"Nicole King Ecoartist","url":"https:\/\/www.nicoleking.fr\/fr\/","logo":{"@type":"ImageObject","inLanguage":"fr-FR","@id":"https:\/\/www.nicoleking.fr\/fr\/#\/schema\/logo\/image\/","url":"https:\/\/www.nicoleking.fr\/wp-content\/uploads\/2021\/06\/LogoNicoleKing.png","contentUrl":"https:\/\/www.nicoleking.fr\/wp-content\/uploads\/2021\/06\/LogoNicoleKing.png","width":300,"height":127,"caption":"Nicole King Ecoartist"},"image":{"@id":"https:\/\/www.nicoleking.fr\/fr\/#\/schema\/logo\/image\/"},"sameAs":["https:\/\/www.facebook.com\/profile.php?id=100015090904429","https:\/\/www.instagram.com\/nicolekingvolcy\/","https:\/\/www.linkedin.com\/in\/nicole-king-2768ba69\/"]},{"@type":"Person","@id":"https:\/\/www.nicoleking.fr\/fr\/#\/schema\/person\/5c822eaa5b418d227f7c94179f2ec4f6","name":"Service Communication","image":{"@type":"ImageObject","inLanguage":"fr-FR","@id":"https:\/\/secure.gravatar.com\/avatar\/394a3cf60ad806fe7bc8ff8819846cfe7d78e92112164b1b7f4d02cfc77091f1?s=96&d=mm&r=g","url":"https:\/\/secure.gravatar.com\/avatar\/394a3cf60ad806fe7bc8ff8819846cfe7d78e92112164b1b7f4d02cfc77091f1?s=96&d=mm&r=g","contentUrl":"https:\/\/secure.gravatar.com\/avatar\/394a3cf60ad806fe7bc8ff8819846cfe7d78e92112164b1b7f4d02cfc77091f1?s=96&d=mm&r=g","caption":"Service Communication"}}]}},"_links":{"self":[{"href":"https:\/\/www.nicoleking.fr\/fr\/wp-json\/wp\/v2\/posts\/6592","targetHints":{"allow":["GET"]}}],"collection":[{"href":"https:\/\/www.nicoleking.fr\/fr\/wp-json\/wp\/v2\/posts"}],"about":[{"href":"https:\/\/www.nicoleking.fr\/fr\/wp-json\/wp\/v2\/types\/post"}],"author":[{"embeddable":true,"href":"https:\/\/www.nicoleking.fr\/fr\/wp-json\/wp\/v2\/users\/2"}],"replies":[{"embeddable":true,"href":"https:\/\/www.nicoleking.fr\/fr\/wp-json\/wp\/v2\/comments?post=6592"}],"version-history":[{"count":0,"href":"https:\/\/www.nicoleking.fr\/fr\/wp-json\/wp\/v2\/posts\/6592\/revisions"}],"wp:featuredmedia":[{"embeddable":true,"href":"https:\/\/www.nicoleking.fr\/fr\/wp-json\/wp\/v2\/media\/6593"}],"wp:attachment":[{"href":"https:\/\/www.nicoleking.fr\/fr\/wp-json\/wp\/v2\/media?parent=6592"}],"wp:term":[{"taxonomy":"category","embeddable":true,"href":"https:\/\/www.nicoleking.fr\/fr\/wp-json\/wp\/v2\/categories?post=6592"},{"taxonomy":"post_tag","embeddable":true,"href":"https:\/\/www.nicoleking.fr\/fr\/wp-json\/wp\/v2\/tags?post=6592"}],"curies":[{"name":"wp","href":"https:\/\/api.w.org\/{rel}","templated":true}]}}