{"id":6224,"date":"2022-10-17T16:15:54","date_gmt":"2022-10-17T14:15:54","guid":{"rendered":"https:\/\/www.nicoleking.fr\/?p=6224"},"modified":"2022-11-30T17:25:50","modified_gmt":"2022-11-30T16:25:50","slug":"reouverture-de-latelier-art-et-ecologie-a-linternat-de-marly-le-roi","status":"publish","type":"post","link":"https:\/\/www.nicoleking.fr\/fr\/actualites\/recupart\/reouverture-de-latelier-art-et-ecologie-a-linternat-de-marly-le-roi\/","title":{"rendered":"R\u00e9ouverture de l&rsquo;atelier Art et \u00e9cologie \u00e0 l&rsquo;Internat de Marly-le-Roi"},"content":{"rendered":"\n<p>Depuis 2019, &nbsp;Nicole King est responsable d&rsquo;un atelier d&rsquo;arts plastiques \u00ab\u00a0Art &amp; \u00e9cologie\u00a0\u00bb nomm\u00e9 \u00ab\u00a0<em>l&rsquo;Eco-\u00e9cole de Nicole<\/em>\u00a0\u00bb \u00e0 l&rsquo;internat d&rsquo;Excellence de Marly -le -Roi (78) . Elle a \u00e9t\u00e9 artiste en R\u00e9sidence sur 2 ans, et base sa p\u00e9dagogie sur le \u00ab\u00a0R\u00e9cup&rsquo;art\u00a0\u00bb (travail sur des mat\u00e9riaux recycl\u00e9s ou de r\u00e9cup\u00e9ration), invit\u00e9e par la Directrice Mme Labeau dont le projet d&rsquo;\u00e9tablissement int\u00e8gre l&rsquo;\u00e9cologie dans ses priorit\u00e9s.<\/p>\n\n\n\n<p>Cette ann\u00e9e&nbsp; scolaire 2022\/23, l&rsquo;atelier est r\u00e9-ouvert avec une dizaine d&rsquo;\u00e9l\u00e8ves internes le mercredi au moins une fois par mois. Le th\u00e8me de l&rsquo;atelier cette ann\u00e9e est \u00ab\u00a0les Beaut\u00e9s de la biodiversit\u00e9\u00a0\u00bb. L&rsquo;artiste enseigne les r\u00e8gles du m\u00e9tier de peintre (composition, couleurs, mati\u00e8re&#8230;) tout en sensibilisant les apprentis aux d\u00e9fis de l&rsquo;Anthropoc\u00e8ne.<\/p>\n\n\n\n<p>Art et science associ\u00e9s comme dans le travail de peinture expos\u00e9 r\u00e9guli\u00e8rement par Nicole King aussi dans l&rsquo;internat.<\/p>\n\n\n\n<p>Des cours d&rsquo;histoire de l&rsquo;art sont aussi propos\u00e9s dans l&rsquo;auditorium de l&rsquo;internat \u00e0 l&rsquo;ensemble des jeunes internes (150 coll\u00e9giens et lyc\u00e9ens) comme pr\u00e9c\u00e9demment sur L\u00e9onard de Vinci , et avant No\u00ebl prochain sur \u00ab\u00a0la Mer dans l&rsquo;Histoire de l&rsquo;art\u00a0\u00bb.<\/p>\n","protected":false},"excerpt":{"rendered":"<p>L&rsquo;\u00e9co-\u00e9cole de Nicole King r\u00e9-ouvre pour l&rsquo;ann\u00e9e 2022-2023 \u00e0 l&rsquo;Internat de Marly-le-Roi, avec pour th\u00e8me Les Beaut\u00e9s de la biodiversit\u00e9.<\/p>\n","protected":false},"author":2,"featured_media":6225,"comment_status":"closed","ping_status":"open","sticky":false,"template":"","format":"standard","meta":{"_acf_changed":false,"site-sidebar-layout":"default","site-content-layout":"","ast-site-content-layout":"default","site-content-style":"default","site-sidebar-style":"default","ast-global-header-display":"","ast-banner-title-visibility":"","ast-main-header-display":"","ast-hfb-above-header-display":"","ast-hfb-below-header-display":"","ast-hfb-mobile-header-display":"","site-post-title":"","ast-breadcrumbs-content":"","ast-featured-img":"","footer-sml-layout":"","ast-disable-related-posts":"","theme-transparent-header-meta":"","adv-header-id-meta":"","stick-header-meta":"","header-above-stick-meta":"","header-main-stick-meta":"","header-below-stick-meta":"","astra-migrate-meta-layouts":"default","ast-page-background-enabled":"default","ast-page-background-meta":{"desktop":{"background-color":"","background-image":"","background-repeat":"repeat","background-position":"center center","background-size":"auto","background-attachment":"scroll","background-type":"","background-media":"","overlay-type":"","overlay-color":"","overlay-opacity":"","overlay-gradient":""},"tablet":{"background-color":"","background-image":"","background-repeat":"repeat","background-position":"center center","background-size":"auto","background-attachment":"scroll","background-type":"","background-media":"","overlay-type":"","overlay-color":"","overlay-opacity":"","overlay-gradient":""},"mobile":{"background-color":"","background-image":"","background-repeat":"repeat","background-position":"center center","background-size":"auto","background-attachment":"scroll","background-type":"","background-media":"","overlay-type":"","overlay-color":"","overlay-opacity":"","overlay-gradient":""}},"ast-content-background-meta":{"desktop":{"background-color":"var(--ast-global-color-5)","background-image":"","background-repeat":"repeat","background-position":"center center","background-size":"auto","background-attachment":"scroll","background-type":"","background-media":"","overlay-type":"","overlay-color":"","overlay-opacity":"","overlay-gradient":""},"tablet":{"background-color":"var(--ast-global-color-5)","background-image":"","background-repeat":"repeat","background-position":"center center","background-size":"auto","background-attachment":"scroll","background-type":"","background-media":"","overlay-type":"","overlay-color":"","overlay-opacity":"","overlay-gradient":""},"mobile":{"background-color":"var(--ast-global-color-5)","background-image":"","background-repeat":"repeat","background-position":"center center","background-size":"auto","background-attachment":"scroll","background-type":"","background-media":"","overlay-type":"","overlay-color":"","overlay-opacity":"","overlay-gradient":""}},"footnotes":""},"categories":[27,144],"tags":[],"class_list":["post-6224","post","type-post","status-publish","format-standard","has-post-thumbnail","hentry","category-pedagogie-en-milieu-scolaire","category-recupart"],"acf":[],"yoast_head":"<!-- This site is optimized with the Yoast SEO plugin v27.5 - https:\/\/yoast.com\/product\/yoast-seo-wordpress\/ -->\n<title>R\u00e9ouverture de l&#039;atelier Art et \u00e9cologie \u00e0 l&#039;Internat de Marly-le-Roi - Nicole King<\/title>\n<meta name=\"description\" content=\"L&#039;\u00e9co-\u00e9cole de Nicole King r\u00e9-ouvre pour l&#039;ann\u00e9e 2022-2023 \u00e0 l&#039;Internat de Marly-le-Roi, avec pour th\u00e8me Les Beaut\u00e9s de la biodiversit\u00e9.\" \/>\n<meta name=\"robots\" content=\"index, follow, max-snippet:-1, max-image-preview:large, max-video-preview:-1\" \/>\n<link rel=\"canonical\" href=\"https:\/\/www.nicoleking.fr\/fr\/actualites\/recupart\/reouverture-de-latelier-art-et-ecologie-a-linternat-de-marly-le-roi\/\" \/>\n<meta property=\"og:locale\" content=\"fr_FR\" \/>\n<meta property=\"og:type\" content=\"article\" \/>\n<meta property=\"og:title\" content=\"R\u00e9ouverture de l&#039;atelier Art et \u00e9cologie \u00e0 l&#039;Internat de Marly-le-Roi - Nicole King\" \/>\n<meta property=\"og:description\" content=\"L&#039;\u00e9co-\u00e9cole de Nicole King r\u00e9-ouvre pour l&#039;ann\u00e9e 2022-2023 \u00e0 l&#039;Internat de Marly-le-Roi, avec pour th\u00e8me Les Beaut\u00e9s de la biodiversit\u00e9.\" \/>\n<meta property=\"og:url\" content=\"https:\/\/www.nicoleking.fr\/fr\/actualites\/recupart\/reouverture-de-latelier-art-et-ecologie-a-linternat-de-marly-le-roi\/\" \/>\n<meta property=\"og:site_name\" content=\"Nicole King\" \/>\n<meta property=\"article:publisher\" content=\"https:\/\/www.facebook.com\/profile.php?id=100015090904429\" \/>\n<meta property=\"article:published_time\" content=\"2022-10-17T14:15:54+00:00\" \/>\n<meta property=\"article:modified_time\" content=\"2022-11-30T16:25:50+00:00\" \/>\n<meta property=\"og:image\" content=\"https:\/\/www.nicoleking.fr\/wp-content\/uploads\/2022\/10\/ecole-nicole-2022.jpg\" \/>\n\t<meta property=\"og:image:width\" content=\"800\" \/>\n\t<meta property=\"og:image:height\" content=\"469\" \/>\n\t<meta property=\"og:image:type\" content=\"image\/jpeg\" \/>\n<meta name=\"author\" content=\"Service Communication\" \/>\n<meta name=\"twitter:card\" content=\"summary_large_image\" \/>\n<meta name=\"twitter:label1\" content=\"\u00c9crit par\" \/>\n\t<meta name=\"twitter:data1\" content=\"Service Communication\" \/>\n\t<meta name=\"twitter:label2\" content=\"Dur\u00e9e de lecture estim\u00e9e\" \/>\n\t<meta name=\"twitter:data2\" content=\"1 minute\" \/>\n<script type=\"application\/ld+json\" class=\"yoast-schema-graph\">{\"@context\":\"https:\\\/\\\/schema.org\",\"@graph\":[{\"@type\":\"Article\",\"@id\":\"https:\\\/\\\/www.nicoleking.fr\\\/fr\\\/actualites\\\/recupart\\\/reouverture-de-latelier-art-et-ecologie-a-linternat-de-marly-le-roi\\\/#article\",\"isPartOf\":{\"@id\":\"https:\\\/\\\/www.nicoleking.fr\\\/fr\\\/actualites\\\/recupart\\\/reouverture-de-latelier-art-et-ecologie-a-linternat-de-marly-le-roi\\\/\"},\"author\":{\"name\":\"Service Communication\",\"@id\":\"https:\\\/\\\/www.nicoleking.fr\\\/fr\\\/#\\\/schema\\\/person\\\/5c822eaa5b418d227f7c94179f2ec4f6\"},\"headline\":\"R\u00e9ouverture de l&rsquo;atelier Art et \u00e9cologie \u00e0 l&rsquo;Internat de Marly-le-Roi\",\"datePublished\":\"2022-10-17T14:15:54+00:00\",\"dateModified\":\"2022-11-30T16:25:50+00:00\",\"mainEntityOfPage\":{\"@id\":\"https:\\\/\\\/www.nicoleking.fr\\\/fr\\\/actualites\\\/recupart\\\/reouverture-de-latelier-art-et-ecologie-a-linternat-de-marly-le-roi\\\/\"},\"wordCount\":232,\"publisher\":{\"@id\":\"https:\\\/\\\/www.nicoleking.fr\\\/fr\\\/#organization\"},\"image\":{\"@id\":\"https:\\\/\\\/www.nicoleking.fr\\\/fr\\\/actualites\\\/recupart\\\/reouverture-de-latelier-art-et-ecologie-a-linternat-de-marly-le-roi\\\/#primaryimage\"},\"thumbnailUrl\":\"https:\\\/\\\/www.nicoleking.fr\\\/wp-content\\\/uploads\\\/2022\\\/10\\\/ecole-nicole-2022.jpg\",\"articleSection\":[\"P\u00e9dagogie en milieu scolaire\",\"R\u00e9cup'art\"],\"inLanguage\":\"fr-FR\"},{\"@type\":\"WebPage\",\"@id\":\"https:\\\/\\\/www.nicoleking.fr\\\/fr\\\/actualites\\\/recupart\\\/reouverture-de-latelier-art-et-ecologie-a-linternat-de-marly-le-roi\\\/\",\"url\":\"https:\\\/\\\/www.nicoleking.fr\\\/fr\\\/actualites\\\/recupart\\\/reouverture-de-latelier-art-et-ecologie-a-linternat-de-marly-le-roi\\\/\",\"name\":\"R\u00e9ouverture de l'atelier Art et \u00e9cologie \u00e0 l'Internat de Marly-le-Roi - Nicole King\",\"isPartOf\":{\"@id\":\"https:\\\/\\\/www.nicoleking.fr\\\/fr\\\/#website\"},\"primaryImageOfPage\":{\"@id\":\"https:\\\/\\\/www.nicoleking.fr\\\/fr\\\/actualites\\\/recupart\\\/reouverture-de-latelier-art-et-ecologie-a-linternat-de-marly-le-roi\\\/#primaryimage\"},\"image\":{\"@id\":\"https:\\\/\\\/www.nicoleking.fr\\\/fr\\\/actualites\\\/recupart\\\/reouverture-de-latelier-art-et-ecologie-a-linternat-de-marly-le-roi\\\/#primaryimage\"},\"thumbnailUrl\":\"https:\\\/\\\/www.nicoleking.fr\\\/wp-content\\\/uploads\\\/2022\\\/10\\\/ecole-nicole-2022.jpg\",\"datePublished\":\"2022-10-17T14:15:54+00:00\",\"dateModified\":\"2022-11-30T16:25:50+00:00\",\"description\":\"L'\u00e9co-\u00e9cole de Nicole King r\u00e9-ouvre pour l'ann\u00e9e 2022-2023 \u00e0 l'Internat de Marly-le-Roi, avec pour th\u00e8me Les Beaut\u00e9s de la biodiversit\u00e9.\",\"breadcrumb\":{\"@id\":\"https:\\\/\\\/www.nicoleking.fr\\\/fr\\\/actualites\\\/recupart\\\/reouverture-de-latelier-art-et-ecologie-a-linternat-de-marly-le-roi\\\/#breadcrumb\"},\"inLanguage\":\"fr-FR\",\"potentialAction\":[{\"@type\":\"ReadAction\",\"target\":[\"https:\\\/\\\/www.nicoleking.fr\\\/fr\\\/actualites\\\/recupart\\\/reouverture-de-latelier-art-et-ecologie-a-linternat-de-marly-le-roi\\\/\"]}]},{\"@type\":\"ImageObject\",\"inLanguage\":\"fr-FR\",\"@id\":\"https:\\\/\\\/www.nicoleking.fr\\\/fr\\\/actualites\\\/recupart\\\/reouverture-de-latelier-art-et-ecologie-a-linternat-de-marly-le-roi\\\/#primaryimage\",\"url\":\"https:\\\/\\\/www.nicoleking.fr\\\/wp-content\\\/uploads\\\/2022\\\/10\\\/ecole-nicole-2022.jpg\",\"contentUrl\":\"https:\\\/\\\/www.nicoleking.fr\\\/wp-content\\\/uploads\\\/2022\\\/10\\\/ecole-nicole-2022.jpg\",\"width\":800,\"height\":469,\"caption\":\"Atelier Art et Ecologie \u00e0 l'Internat de Marly-le-Roi\"},{\"@type\":\"BreadcrumbList\",\"@id\":\"https:\\\/\\\/www.nicoleking.fr\\\/fr\\\/actualites\\\/recupart\\\/reouverture-de-latelier-art-et-ecologie-a-linternat-de-marly-le-roi\\\/#breadcrumb\",\"itemListElement\":[{\"@type\":\"ListItem\",\"position\":1,\"name\":\"Accueil\",\"item\":\"https:\\\/\\\/www.nicoleking.fr\\\/fr\\\/\"},{\"@type\":\"ListItem\",\"position\":2,\"name\":\"Actualit\u00e9s\",\"item\":\"https:\\\/\\\/www.nicoleking.fr\\\/fr\\\/actualites\\\/\"},{\"@type\":\"ListItem\",\"position\":3,\"name\":\"R\u00e9cup'art\",\"item\":\"https:\\\/\\\/www.nicoleking.fr\\\/fr\\\/actualites\\\/recupart\\\/\"},{\"@type\":\"ListItem\",\"position\":4,\"name\":\"R\u00e9ouverture de l&rsquo;atelier Art et \u00e9cologie \u00e0 l&rsquo;Internat de Marly-le-Roi\"}]},{\"@type\":\"WebSite\",\"@id\":\"https:\\\/\\\/www.nicoleking.fr\\\/fr\\\/#website\",\"url\":\"https:\\\/\\\/www.nicoleking.fr\\\/fr\\\/\",\"name\":\"Nicole King\",\"description\":\"Art &amp; Ecologie\",\"publisher\":{\"@id\":\"https:\\\/\\\/www.nicoleking.fr\\\/fr\\\/#organization\"},\"potentialAction\":[{\"@type\":\"SearchAction\",\"target\":{\"@type\":\"EntryPoint\",\"urlTemplate\":\"https:\\\/\\\/www.nicoleking.fr\\\/fr\\\/?s={search_term_string}\"},\"query-input\":{\"@type\":\"PropertyValueSpecification\",\"valueRequired\":true,\"valueName\":\"search_term_string\"}}],\"inLanguage\":\"fr-FR\"},{\"@type\":\"Organization\",\"@id\":\"https:\\\/\\\/www.nicoleking.fr\\\/fr\\\/#organization\",\"name\":\"Nicole King Ecoartist\",\"url\":\"https:\\\/\\\/www.nicoleking.fr\\\/fr\\\/\",\"logo\":{\"@type\":\"ImageObject\",\"inLanguage\":\"fr-FR\",\"@id\":\"https:\\\/\\\/www.nicoleking.fr\\\/fr\\\/#\\\/schema\\\/logo\\\/image\\\/\",\"url\":\"https:\\\/\\\/www.nicoleking.fr\\\/wp-content\\\/uploads\\\/2021\\\/06\\\/LogoNicoleKing.png\",\"contentUrl\":\"https:\\\/\\\/www.nicoleking.fr\\\/wp-content\\\/uploads\\\/2021\\\/06\\\/LogoNicoleKing.png\",\"width\":300,\"height\":127,\"caption\":\"Nicole King Ecoartist\"},\"image\":{\"@id\":\"https:\\\/\\\/www.nicoleking.fr\\\/fr\\\/#\\\/schema\\\/logo\\\/image\\\/\"},\"sameAs\":[\"https:\\\/\\\/www.facebook.com\\\/profile.php?id=100015090904429\",\"https:\\\/\\\/www.instagram.com\\\/nicolekingvolcy\\\/\",\"https:\\\/\\\/www.linkedin.com\\\/in\\\/nicole-king-2768ba69\\\/\"]},{\"@type\":\"Person\",\"@id\":\"https:\\\/\\\/www.nicoleking.fr\\\/fr\\\/#\\\/schema\\\/person\\\/5c822eaa5b418d227f7c94179f2ec4f6\",\"name\":\"Service Communication\",\"image\":{\"@type\":\"ImageObject\",\"inLanguage\":\"fr-FR\",\"@id\":\"https:\\\/\\\/secure.gravatar.com\\\/avatar\\\/394a3cf60ad806fe7bc8ff8819846cfe7d78e92112164b1b7f4d02cfc77091f1?s=96&d=mm&r=g\",\"url\":\"https:\\\/\\\/secure.gravatar.com\\\/avatar\\\/394a3cf60ad806fe7bc8ff8819846cfe7d78e92112164b1b7f4d02cfc77091f1?s=96&d=mm&r=g\",\"contentUrl\":\"https:\\\/\\\/secure.gravatar.com\\\/avatar\\\/394a3cf60ad806fe7bc8ff8819846cfe7d78e92112164b1b7f4d02cfc77091f1?s=96&d=mm&r=g\",\"caption\":\"Service Communication\"}}]}<\/script>\n<!-- \/ Yoast SEO plugin. -->","yoast_head_json":{"title":"R\u00e9ouverture de l'atelier Art et \u00e9cologie \u00e0 l'Internat de Marly-le-Roi - Nicole King","description":"L'\u00e9co-\u00e9cole de Nicole King r\u00e9-ouvre pour l'ann\u00e9e 2022-2023 \u00e0 l'Internat de Marly-le-Roi, avec pour th\u00e8me Les Beaut\u00e9s de la biodiversit\u00e9.","robots":{"index":"index","follow":"follow","max-snippet":"max-snippet:-1","max-image-preview":"max-image-preview:large","max-video-preview":"max-video-preview:-1"},"canonical":"https:\/\/www.nicoleking.fr\/fr\/actualites\/recupart\/reouverture-de-latelier-art-et-ecologie-a-linternat-de-marly-le-roi\/","og_locale":"fr_FR","og_type":"article","og_title":"R\u00e9ouverture de l'atelier Art et \u00e9cologie \u00e0 l'Internat de Marly-le-Roi - Nicole King","og_description":"L'\u00e9co-\u00e9cole de Nicole King r\u00e9-ouvre pour l'ann\u00e9e 2022-2023 \u00e0 l'Internat de Marly-le-Roi, avec pour th\u00e8me Les Beaut\u00e9s de la biodiversit\u00e9.","og_url":"https:\/\/www.nicoleking.fr\/fr\/actualites\/recupart\/reouverture-de-latelier-art-et-ecologie-a-linternat-de-marly-le-roi\/","og_site_name":"Nicole King","article_publisher":"https:\/\/www.facebook.com\/profile.php?id=100015090904429","article_published_time":"2022-10-17T14:15:54+00:00","article_modified_time":"2022-11-30T16:25:50+00:00","og_image":[{"width":800,"height":469,"url":"https:\/\/www.nicoleking.fr\/wp-content\/uploads\/2022\/10\/ecole-nicole-2022.jpg","type":"image\/jpeg"}],"author":"Service Communication","twitter_card":"summary_large_image","twitter_misc":{"\u00c9crit par":"Service Communication","Dur\u00e9e de lecture estim\u00e9e":"1 minute"},"schema":{"@context":"https:\/\/schema.org","@graph":[{"@type":"Article","@id":"https:\/\/www.nicoleking.fr\/fr\/actualites\/recupart\/reouverture-de-latelier-art-et-ecologie-a-linternat-de-marly-le-roi\/#article","isPartOf":{"@id":"https:\/\/www.nicoleking.fr\/fr\/actualites\/recupart\/reouverture-de-latelier-art-et-ecologie-a-linternat-de-marly-le-roi\/"},"author":{"name":"Service Communication","@id":"https:\/\/www.nicoleking.fr\/fr\/#\/schema\/person\/5c822eaa5b418d227f7c94179f2ec4f6"},"headline":"R\u00e9ouverture de l&rsquo;atelier Art et \u00e9cologie \u00e0 l&rsquo;Internat de Marly-le-Roi","datePublished":"2022-10-17T14:15:54+00:00","dateModified":"2022-11-30T16:25:50+00:00","mainEntityOfPage":{"@id":"https:\/\/www.nicoleking.fr\/fr\/actualites\/recupart\/reouverture-de-latelier-art-et-ecologie-a-linternat-de-marly-le-roi\/"},"wordCount":232,"publisher":{"@id":"https:\/\/www.nicoleking.fr\/fr\/#organization"},"image":{"@id":"https:\/\/www.nicoleking.fr\/fr\/actualites\/recupart\/reouverture-de-latelier-art-et-ecologie-a-linternat-de-marly-le-roi\/#primaryimage"},"thumbnailUrl":"https:\/\/www.nicoleking.fr\/wp-content\/uploads\/2022\/10\/ecole-nicole-2022.jpg","articleSection":["P\u00e9dagogie en milieu scolaire","R\u00e9cup'art"],"inLanguage":"fr-FR"},{"@type":"WebPage","@id":"https:\/\/www.nicoleking.fr\/fr\/actualites\/recupart\/reouverture-de-latelier-art-et-ecologie-a-linternat-de-marly-le-roi\/","url":"https:\/\/www.nicoleking.fr\/fr\/actualites\/recupart\/reouverture-de-latelier-art-et-ecologie-a-linternat-de-marly-le-roi\/","name":"R\u00e9ouverture de l'atelier Art et \u00e9cologie \u00e0 l'Internat de Marly-le-Roi - Nicole King","isPartOf":{"@id":"https:\/\/www.nicoleking.fr\/fr\/#website"},"primaryImageOfPage":{"@id":"https:\/\/www.nicoleking.fr\/fr\/actualites\/recupart\/reouverture-de-latelier-art-et-ecologie-a-linternat-de-marly-le-roi\/#primaryimage"},"image":{"@id":"https:\/\/www.nicoleking.fr\/fr\/actualites\/recupart\/reouverture-de-latelier-art-et-ecologie-a-linternat-de-marly-le-roi\/#primaryimage"},"thumbnailUrl":"https:\/\/www.nicoleking.fr\/wp-content\/uploads\/2022\/10\/ecole-nicole-2022.jpg","datePublished":"2022-10-17T14:15:54+00:00","dateModified":"2022-11-30T16:25:50+00:00","description":"L'\u00e9co-\u00e9cole de Nicole King r\u00e9-ouvre pour l'ann\u00e9e 2022-2023 \u00e0 l'Internat de Marly-le-Roi, avec pour th\u00e8me Les Beaut\u00e9s de la biodiversit\u00e9.","breadcrumb":{"@id":"https:\/\/www.nicoleking.fr\/fr\/actualites\/recupart\/reouverture-de-latelier-art-et-ecologie-a-linternat-de-marly-le-roi\/#breadcrumb"},"inLanguage":"fr-FR","potentialAction":[{"@type":"ReadAction","target":["https:\/\/www.nicoleking.fr\/fr\/actualites\/recupart\/reouverture-de-latelier-art-et-ecologie-a-linternat-de-marly-le-roi\/"]}]},{"@type":"ImageObject","inLanguage":"fr-FR","@id":"https:\/\/www.nicoleking.fr\/fr\/actualites\/recupart\/reouverture-de-latelier-art-et-ecologie-a-linternat-de-marly-le-roi\/#primaryimage","url":"https:\/\/www.nicoleking.fr\/wp-content\/uploads\/2022\/10\/ecole-nicole-2022.jpg","contentUrl":"https:\/\/www.nicoleking.fr\/wp-content\/uploads\/2022\/10\/ecole-nicole-2022.jpg","width":800,"height":469,"caption":"Atelier Art et Ecologie \u00e0 l'Internat de Marly-le-Roi"},{"@type":"BreadcrumbList","@id":"https:\/\/www.nicoleking.fr\/fr\/actualites\/recupart\/reouverture-de-latelier-art-et-ecologie-a-linternat-de-marly-le-roi\/#breadcrumb","itemListElement":[{"@type":"ListItem","position":1,"name":"Accueil","item":"https:\/\/www.nicoleking.fr\/fr\/"},{"@type":"ListItem","position":2,"name":"Actualit\u00e9s","item":"https:\/\/www.nicoleking.fr\/fr\/actualites\/"},{"@type":"ListItem","position":3,"name":"R\u00e9cup'art","item":"https:\/\/www.nicoleking.fr\/fr\/actualites\/recupart\/"},{"@type":"ListItem","position":4,"name":"R\u00e9ouverture de l&rsquo;atelier Art et \u00e9cologie \u00e0 l&rsquo;Internat de Marly-le-Roi"}]},{"@type":"WebSite","@id":"https:\/\/www.nicoleking.fr\/fr\/#website","url":"https:\/\/www.nicoleking.fr\/fr\/","name":"Nicole King","description":"Art &amp; Ecologie","publisher":{"@id":"https:\/\/www.nicoleking.fr\/fr\/#organization"},"potentialAction":[{"@type":"SearchAction","target":{"@type":"EntryPoint","urlTemplate":"https:\/\/www.nicoleking.fr\/fr\/?s={search_term_string}"},"query-input":{"@type":"PropertyValueSpecification","valueRequired":true,"valueName":"search_term_string"}}],"inLanguage":"fr-FR"},{"@type":"Organization","@id":"https:\/\/www.nicoleking.fr\/fr\/#organization","name":"Nicole King Ecoartist","url":"https:\/\/www.nicoleking.fr\/fr\/","logo":{"@type":"ImageObject","inLanguage":"fr-FR","@id":"https:\/\/www.nicoleking.fr\/fr\/#\/schema\/logo\/image\/","url":"https:\/\/www.nicoleking.fr\/wp-content\/uploads\/2021\/06\/LogoNicoleKing.png","contentUrl":"https:\/\/www.nicoleking.fr\/wp-content\/uploads\/2021\/06\/LogoNicoleKing.png","width":300,"height":127,"caption":"Nicole King Ecoartist"},"image":{"@id":"https:\/\/www.nicoleking.fr\/fr\/#\/schema\/logo\/image\/"},"sameAs":["https:\/\/www.facebook.com\/profile.php?id=100015090904429","https:\/\/www.instagram.com\/nicolekingvolcy\/","https:\/\/www.linkedin.com\/in\/nicole-king-2768ba69\/"]},{"@type":"Person","@id":"https:\/\/www.nicoleking.fr\/fr\/#\/schema\/person\/5c822eaa5b418d227f7c94179f2ec4f6","name":"Service Communication","image":{"@type":"ImageObject","inLanguage":"fr-FR","@id":"https:\/\/secure.gravatar.com\/avatar\/394a3cf60ad806fe7bc8ff8819846cfe7d78e92112164b1b7f4d02cfc77091f1?s=96&d=mm&r=g","url":"https:\/\/secure.gravatar.com\/avatar\/394a3cf60ad806fe7bc8ff8819846cfe7d78e92112164b1b7f4d02cfc77091f1?s=96&d=mm&r=g","contentUrl":"https:\/\/secure.gravatar.com\/avatar\/394a3cf60ad806fe7bc8ff8819846cfe7d78e92112164b1b7f4d02cfc77091f1?s=96&d=mm&r=g","caption":"Service Communication"}}]}},"_links":{"self":[{"href":"https:\/\/www.nicoleking.fr\/fr\/wp-json\/wp\/v2\/posts\/6224","targetHints":{"allow":["GET"]}}],"collection":[{"href":"https:\/\/www.nicoleking.fr\/fr\/wp-json\/wp\/v2\/posts"}],"about":[{"href":"https:\/\/www.nicoleking.fr\/fr\/wp-json\/wp\/v2\/types\/post"}],"author":[{"embeddable":true,"href":"https:\/\/www.nicoleking.fr\/fr\/wp-json\/wp\/v2\/users\/2"}],"replies":[{"embeddable":true,"href":"https:\/\/www.nicoleking.fr\/fr\/wp-json\/wp\/v2\/comments?post=6224"}],"version-history":[{"count":0,"href":"https:\/\/www.nicoleking.fr\/fr\/wp-json\/wp\/v2\/posts\/6224\/revisions"}],"wp:featuredmedia":[{"embeddable":true,"href":"https:\/\/www.nicoleking.fr\/fr\/wp-json\/wp\/v2\/media\/6225"}],"wp:attachment":[{"href":"https:\/\/www.nicoleking.fr\/fr\/wp-json\/wp\/v2\/media?parent=6224"}],"wp:term":[{"taxonomy":"category","embeddable":true,"href":"https:\/\/www.nicoleking.fr\/fr\/wp-json\/wp\/v2\/categories?post=6224"},{"taxonomy":"post_tag","embeddable":true,"href":"https:\/\/www.nicoleking.fr\/fr\/wp-json\/wp\/v2\/tags?post=6224"}],"curies":[{"name":"wp","href":"https:\/\/api.w.org\/{rel}","templated":true}]}}