{"id":6162,"date":"2022-09-13T12:01:52","date_gmt":"2022-09-13T10:01:52","guid":{"rendered":"https:\/\/www.nicoleking.fr\/?p=6162"},"modified":"2022-11-30T17:26:01","modified_gmt":"2022-11-30T16:26:01","slug":"artension-n175-agenda-des-expositions","status":"publish","type":"post","link":"https:\/\/www.nicoleking.fr\/fr\/actualites\/presse\/artension-n175-agenda-des-expositions\/","title":{"rendered":"Artension n\u00b0175 : agenda des expositions"},"content":{"rendered":"\n<p>Dans sa rubrique l&rsquo;Agenda des expos, le magazine Artension n\u00b0175 annonce l&rsquo;exposition personnelle de Nicole King : \u00ab\u00a0<a href=\"https:\/\/www.nicoleking.fr\/fr\/expositions\/expositions-personnelles\/au-fil-de-leau-un-parcours-dart-et-decologie\/\">Nicole King &#8211; Au fil de l&rsquo;eau<\/a>\u00ab\u00a0, du 4 au 22 octobre (Le Pecq).<\/p>\n\n\n\n<blockquote class=\"wp-block-quote is-layout-flow wp-block-quote-is-layout-flow\"><p>Pionni\u00e8re de la peinture militante \u00e9cologique, plasticienne et ing\u00e9nieure environnement, l&rsquo;artiste expose un superbe corpus d&rsquo;images secouantes sur l&rsquo;\u00e9tat des eaux de la plan\u00e8te.<\/p><cite>Artension n\u00b0175 &#8211; Agenda des expositions<\/cite><\/blockquote>\n","protected":false},"excerpt":{"rendered":"<p>Dans sa rubrique l&rsquo;Agenda des expos, le magazine Artension n\u00b0175 annonce l&rsquo;exposition personnelle de Nicole King : \u00ab\u00a0Nicole King &#8211; Au fil de l&rsquo;eau\u00a0\u00bb, du 4 au 22 octobre (Le Pecq).<\/p>\n","protected":false},"author":2,"featured_media":6163,"comment_status":"closed","ping_status":"open","sticky":false,"template":"","format":"standard","meta":{"_acf_changed":false,"site-sidebar-layout":"default","site-content-layout":"","ast-site-content-layout":"default","site-content-style":"default","site-sidebar-style":"default","ast-global-header-display":"","ast-banner-title-visibility":"","ast-main-header-display":"","ast-hfb-above-header-display":"","ast-hfb-below-header-display":"","ast-hfb-mobile-header-display":"","site-post-title":"","ast-breadcrumbs-content":"","ast-featured-img":"","footer-sml-layout":"","ast-disable-related-posts":"","theme-transparent-header-meta":"","adv-header-id-meta":"","stick-header-meta":"","header-above-stick-meta":"","header-main-stick-meta":"","header-below-stick-meta":"","astra-migrate-meta-layouts":"default","ast-page-background-enabled":"default","ast-page-background-meta":{"desktop":{"background-color":"","background-image":"","background-repeat":"repeat","background-position":"center center","background-size":"auto","background-attachment":"scroll","background-type":"","background-media":"","overlay-type":"","overlay-color":"","overlay-opacity":"","overlay-gradient":""},"tablet":{"background-color":"","background-image":"","background-repeat":"repeat","background-position":"center center","background-size":"auto","background-attachment":"scroll","background-type":"","background-media":"","overlay-type":"","overlay-color":"","overlay-opacity":"","overlay-gradient":""},"mobile":{"background-color":"","background-image":"","background-repeat":"repeat","background-position":"center center","background-size":"auto","background-attachment":"scroll","background-type":"","background-media":"","overlay-type":"","overlay-color":"","overlay-opacity":"","overlay-gradient":""}},"ast-content-background-meta":{"desktop":{"background-color":"var(--ast-global-color-5)","background-image":"","background-repeat":"repeat","background-position":"center center","background-size":"auto","background-attachment":"scroll","background-type":"","background-media":"","overlay-type":"","overlay-color":"","overlay-opacity":"","overlay-gradient":""},"tablet":{"background-color":"var(--ast-global-color-5)","background-image":"","background-repeat":"repeat","background-position":"center center","background-size":"auto","background-attachment":"scroll","background-type":"","background-media":"","overlay-type":"","overlay-color":"","overlay-opacity":"","overlay-gradient":""},"mobile":{"background-color":"var(--ast-global-color-5)","background-image":"","background-repeat":"repeat","background-position":"center center","background-size":"auto","background-attachment":"scroll","background-type":"","background-media":"","overlay-type":"","overlay-color":"","overlay-opacity":"","overlay-gradient":""}},"footnotes":""},"categories":[13],"tags":[],"class_list":["post-6162","post","type-post","status-publish","format-standard","has-post-thumbnail","hentry","category-presse"],"acf":[],"yoast_head":"<!-- This site is optimized with the Yoast SEO plugin v27.5 - https:\/\/yoast.com\/product\/yoast-seo-wordpress\/ -->\n<title>Artension n\u00b0175 : agenda des expositions - Nicole King<\/title>\n<meta name=\"description\" content=\"Dans sa rubrique l&#039;Agenda des expos, le magazine Artension n\u00b0175 annonce l&#039;exposition personnelle de Nicole King : &quot;Nicole King - Au fil de l&#039;eau&quot;, du 4 au 22 octobre (Le Pecq).\" \/>\n<meta name=\"robots\" content=\"index, follow, max-snippet:-1, max-image-preview:large, max-video-preview:-1\" \/>\n<link rel=\"canonical\" href=\"https:\/\/www.nicoleking.fr\/fr\/actualites\/presse\/artension-n175-agenda-des-expositions\/\" \/>\n<meta property=\"og:locale\" content=\"fr_FR\" \/>\n<meta property=\"og:type\" content=\"article\" \/>\n<meta property=\"og:title\" content=\"Artension n\u00b0175 : agenda des expositions - Nicole King\" \/>\n<meta property=\"og:description\" content=\"Dans sa rubrique l&#039;Agenda des expos, le magazine Artension n\u00b0175 annonce l&#039;exposition personnelle de Nicole King : &quot;Nicole King - Au fil de l&#039;eau&quot;, du 4 au 22 octobre (Le Pecq).\" \/>\n<meta property=\"og:url\" content=\"https:\/\/www.nicoleking.fr\/fr\/actualites\/presse\/artension-n175-agenda-des-expositions\/\" \/>\n<meta property=\"og:site_name\" content=\"Nicole King\" \/>\n<meta property=\"article:publisher\" content=\"https:\/\/www.facebook.com\/profile.php?id=100015090904429\" \/>\n<meta property=\"article:published_time\" content=\"2022-09-13T10:01:52+00:00\" \/>\n<meta property=\"article:modified_time\" content=\"2022-11-30T16:26:01+00:00\" \/>\n<meta property=\"og:image\" content=\"https:\/\/www.nicoleking.fr\/wp-content\/uploads\/2022\/09\/artension-175.jpg\" \/>\n\t<meta property=\"og:image:width\" content=\"800\" \/>\n\t<meta property=\"og:image:height\" content=\"469\" \/>\n\t<meta property=\"og:image:type\" content=\"image\/jpeg\" \/>\n<meta name=\"author\" content=\"Service Communication\" \/>\n<meta name=\"twitter:card\" content=\"summary_large_image\" \/>\n<meta name=\"twitter:label1\" content=\"\u00c9crit par\" \/>\n\t<meta name=\"twitter:data1\" content=\"Service Communication\" \/>\n\t<meta name=\"twitter:label2\" content=\"Dur\u00e9e de lecture estim\u00e9e\" \/>\n\t<meta name=\"twitter:data2\" content=\"1 minute\" \/>\n<script type=\"application\/ld+json\" class=\"yoast-schema-graph\">{\"@context\":\"https:\\\/\\\/schema.org\",\"@graph\":[{\"@type\":\"Article\",\"@id\":\"https:\\\/\\\/www.nicoleking.fr\\\/fr\\\/actualites\\\/presse\\\/artension-n175-agenda-des-expositions\\\/#article\",\"isPartOf\":{\"@id\":\"https:\\\/\\\/www.nicoleking.fr\\\/fr\\\/actualites\\\/presse\\\/artension-n175-agenda-des-expositions\\\/\"},\"author\":{\"name\":\"Service Communication\",\"@id\":\"https:\\\/\\\/www.nicoleking.fr\\\/fr\\\/#\\\/schema\\\/person\\\/5c822eaa5b418d227f7c94179f2ec4f6\"},\"headline\":\"Artension n\u00b0175 : agenda des expositions\",\"datePublished\":\"2022-09-13T10:01:52+00:00\",\"dateModified\":\"2022-11-30T16:26:01+00:00\",\"mainEntityOfPage\":{\"@id\":\"https:\\\/\\\/www.nicoleking.fr\\\/fr\\\/actualites\\\/presse\\\/artension-n175-agenda-des-expositions\\\/\"},\"wordCount\":72,\"publisher\":{\"@id\":\"https:\\\/\\\/www.nicoleking.fr\\\/fr\\\/#organization\"},\"image\":{\"@id\":\"https:\\\/\\\/www.nicoleking.fr\\\/fr\\\/actualites\\\/presse\\\/artension-n175-agenda-des-expositions\\\/#primaryimage\"},\"thumbnailUrl\":\"https:\\\/\\\/www.nicoleking.fr\\\/wp-content\\\/uploads\\\/2022\\\/09\\\/artension-175.jpg\",\"articleSection\":[\"Presse\"],\"inLanguage\":\"fr-FR\"},{\"@type\":\"WebPage\",\"@id\":\"https:\\\/\\\/www.nicoleking.fr\\\/fr\\\/actualites\\\/presse\\\/artension-n175-agenda-des-expositions\\\/\",\"url\":\"https:\\\/\\\/www.nicoleking.fr\\\/fr\\\/actualites\\\/presse\\\/artension-n175-agenda-des-expositions\\\/\",\"name\":\"Artension n\u00b0175 : agenda des expositions - Nicole King\",\"isPartOf\":{\"@id\":\"https:\\\/\\\/www.nicoleking.fr\\\/fr\\\/#website\"},\"primaryImageOfPage\":{\"@id\":\"https:\\\/\\\/www.nicoleking.fr\\\/fr\\\/actualites\\\/presse\\\/artension-n175-agenda-des-expositions\\\/#primaryimage\"},\"image\":{\"@id\":\"https:\\\/\\\/www.nicoleking.fr\\\/fr\\\/actualites\\\/presse\\\/artension-n175-agenda-des-expositions\\\/#primaryimage\"},\"thumbnailUrl\":\"https:\\\/\\\/www.nicoleking.fr\\\/wp-content\\\/uploads\\\/2022\\\/09\\\/artension-175.jpg\",\"datePublished\":\"2022-09-13T10:01:52+00:00\",\"dateModified\":\"2022-11-30T16:26:01+00:00\",\"description\":\"Dans sa rubrique l'Agenda des expos, le magazine Artension n\u00b0175 annonce l'exposition personnelle de Nicole King : \\\"Nicole King - Au fil de l'eau\\\", du 4 au 22 octobre (Le Pecq).\",\"breadcrumb\":{\"@id\":\"https:\\\/\\\/www.nicoleking.fr\\\/fr\\\/actualites\\\/presse\\\/artension-n175-agenda-des-expositions\\\/#breadcrumb\"},\"inLanguage\":\"fr-FR\",\"potentialAction\":[{\"@type\":\"ReadAction\",\"target\":[\"https:\\\/\\\/www.nicoleking.fr\\\/fr\\\/actualites\\\/presse\\\/artension-n175-agenda-des-expositions\\\/\"]}]},{\"@type\":\"ImageObject\",\"inLanguage\":\"fr-FR\",\"@id\":\"https:\\\/\\\/www.nicoleking.fr\\\/fr\\\/actualites\\\/presse\\\/artension-n175-agenda-des-expositions\\\/#primaryimage\",\"url\":\"https:\\\/\\\/www.nicoleking.fr\\\/wp-content\\\/uploads\\\/2022\\\/09\\\/artension-175.jpg\",\"contentUrl\":\"https:\\\/\\\/www.nicoleking.fr\\\/wp-content\\\/uploads\\\/2022\\\/09\\\/artension-175.jpg\",\"width\":800,\"height\":469,\"caption\":\"Artension 175\"},{\"@type\":\"BreadcrumbList\",\"@id\":\"https:\\\/\\\/www.nicoleking.fr\\\/fr\\\/actualites\\\/presse\\\/artension-n175-agenda-des-expositions\\\/#breadcrumb\",\"itemListElement\":[{\"@type\":\"ListItem\",\"position\":1,\"name\":\"Accueil\",\"item\":\"https:\\\/\\\/www.nicoleking.fr\\\/fr\\\/\"},{\"@type\":\"ListItem\",\"position\":2,\"name\":\"Actualit\u00e9s\",\"item\":\"https:\\\/\\\/www.nicoleking.fr\\\/fr\\\/actualites\\\/\"},{\"@type\":\"ListItem\",\"position\":3,\"name\":\"Presse\",\"item\":\"https:\\\/\\\/www.nicoleking.fr\\\/fr\\\/actualites\\\/presse\\\/\"},{\"@type\":\"ListItem\",\"position\":4,\"name\":\"Artension n\u00b0175 : agenda des expositions\"}]},{\"@type\":\"WebSite\",\"@id\":\"https:\\\/\\\/www.nicoleking.fr\\\/fr\\\/#website\",\"url\":\"https:\\\/\\\/www.nicoleking.fr\\\/fr\\\/\",\"name\":\"Nicole King\",\"description\":\"Art &amp; Ecologie\",\"publisher\":{\"@id\":\"https:\\\/\\\/www.nicoleking.fr\\\/fr\\\/#organization\"},\"potentialAction\":[{\"@type\":\"SearchAction\",\"target\":{\"@type\":\"EntryPoint\",\"urlTemplate\":\"https:\\\/\\\/www.nicoleking.fr\\\/fr\\\/?s={search_term_string}\"},\"query-input\":{\"@type\":\"PropertyValueSpecification\",\"valueRequired\":true,\"valueName\":\"search_term_string\"}}],\"inLanguage\":\"fr-FR\"},{\"@type\":\"Organization\",\"@id\":\"https:\\\/\\\/www.nicoleking.fr\\\/fr\\\/#organization\",\"name\":\"Nicole King Ecoartist\",\"url\":\"https:\\\/\\\/www.nicoleking.fr\\\/fr\\\/\",\"logo\":{\"@type\":\"ImageObject\",\"inLanguage\":\"fr-FR\",\"@id\":\"https:\\\/\\\/www.nicoleking.fr\\\/fr\\\/#\\\/schema\\\/logo\\\/image\\\/\",\"url\":\"https:\\\/\\\/www.nicoleking.fr\\\/wp-content\\\/uploads\\\/2021\\\/06\\\/LogoNicoleKing.png\",\"contentUrl\":\"https:\\\/\\\/www.nicoleking.fr\\\/wp-content\\\/uploads\\\/2021\\\/06\\\/LogoNicoleKing.png\",\"width\":300,\"height\":127,\"caption\":\"Nicole King Ecoartist\"},\"image\":{\"@id\":\"https:\\\/\\\/www.nicoleking.fr\\\/fr\\\/#\\\/schema\\\/logo\\\/image\\\/\"},\"sameAs\":[\"https:\\\/\\\/www.facebook.com\\\/profile.php?id=100015090904429\",\"https:\\\/\\\/www.instagram.com\\\/nicolekingvolcy\\\/\",\"https:\\\/\\\/www.linkedin.com\\\/in\\\/nicole-king-2768ba69\\\/\"]},{\"@type\":\"Person\",\"@id\":\"https:\\\/\\\/www.nicoleking.fr\\\/fr\\\/#\\\/schema\\\/person\\\/5c822eaa5b418d227f7c94179f2ec4f6\",\"name\":\"Service Communication\",\"image\":{\"@type\":\"ImageObject\",\"inLanguage\":\"fr-FR\",\"@id\":\"https:\\\/\\\/secure.gravatar.com\\\/avatar\\\/394a3cf60ad806fe7bc8ff8819846cfe7d78e92112164b1b7f4d02cfc77091f1?s=96&d=mm&r=g\",\"url\":\"https:\\\/\\\/secure.gravatar.com\\\/avatar\\\/394a3cf60ad806fe7bc8ff8819846cfe7d78e92112164b1b7f4d02cfc77091f1?s=96&d=mm&r=g\",\"contentUrl\":\"https:\\\/\\\/secure.gravatar.com\\\/avatar\\\/394a3cf60ad806fe7bc8ff8819846cfe7d78e92112164b1b7f4d02cfc77091f1?s=96&d=mm&r=g\",\"caption\":\"Service Communication\"}}]}<\/script>\n<!-- \/ Yoast SEO plugin. -->","yoast_head_json":{"title":"Artension n\u00b0175 : agenda des expositions - Nicole King","description":"Dans sa rubrique l'Agenda des expos, le magazine Artension n\u00b0175 annonce l'exposition personnelle de Nicole King : \"Nicole King - Au fil de l'eau\", du 4 au 22 octobre (Le Pecq).","robots":{"index":"index","follow":"follow","max-snippet":"max-snippet:-1","max-image-preview":"max-image-preview:large","max-video-preview":"max-video-preview:-1"},"canonical":"https:\/\/www.nicoleking.fr\/fr\/actualites\/presse\/artension-n175-agenda-des-expositions\/","og_locale":"fr_FR","og_type":"article","og_title":"Artension n\u00b0175 : agenda des expositions - Nicole King","og_description":"Dans sa rubrique l'Agenda des expos, le magazine Artension n\u00b0175 annonce l'exposition personnelle de Nicole King : \"Nicole King - Au fil de l'eau\", du 4 au 22 octobre (Le Pecq).","og_url":"https:\/\/www.nicoleking.fr\/fr\/actualites\/presse\/artension-n175-agenda-des-expositions\/","og_site_name":"Nicole King","article_publisher":"https:\/\/www.facebook.com\/profile.php?id=100015090904429","article_published_time":"2022-09-13T10:01:52+00:00","article_modified_time":"2022-11-30T16:26:01+00:00","og_image":[{"width":800,"height":469,"url":"https:\/\/www.nicoleking.fr\/wp-content\/uploads\/2022\/09\/artension-175.jpg","type":"image\/jpeg"}],"author":"Service Communication","twitter_card":"summary_large_image","twitter_misc":{"\u00c9crit par":"Service Communication","Dur\u00e9e de lecture estim\u00e9e":"1 minute"},"schema":{"@context":"https:\/\/schema.org","@graph":[{"@type":"Article","@id":"https:\/\/www.nicoleking.fr\/fr\/actualites\/presse\/artension-n175-agenda-des-expositions\/#article","isPartOf":{"@id":"https:\/\/www.nicoleking.fr\/fr\/actualites\/presse\/artension-n175-agenda-des-expositions\/"},"author":{"name":"Service Communication","@id":"https:\/\/www.nicoleking.fr\/fr\/#\/schema\/person\/5c822eaa5b418d227f7c94179f2ec4f6"},"headline":"Artension n\u00b0175 : agenda des expositions","datePublished":"2022-09-13T10:01:52+00:00","dateModified":"2022-11-30T16:26:01+00:00","mainEntityOfPage":{"@id":"https:\/\/www.nicoleking.fr\/fr\/actualites\/presse\/artension-n175-agenda-des-expositions\/"},"wordCount":72,"publisher":{"@id":"https:\/\/www.nicoleking.fr\/fr\/#organization"},"image":{"@id":"https:\/\/www.nicoleking.fr\/fr\/actualites\/presse\/artension-n175-agenda-des-expositions\/#primaryimage"},"thumbnailUrl":"https:\/\/www.nicoleking.fr\/wp-content\/uploads\/2022\/09\/artension-175.jpg","articleSection":["Presse"],"inLanguage":"fr-FR"},{"@type":"WebPage","@id":"https:\/\/www.nicoleking.fr\/fr\/actualites\/presse\/artension-n175-agenda-des-expositions\/","url":"https:\/\/www.nicoleking.fr\/fr\/actualites\/presse\/artension-n175-agenda-des-expositions\/","name":"Artension n\u00b0175 : agenda des expositions - Nicole King","isPartOf":{"@id":"https:\/\/www.nicoleking.fr\/fr\/#website"},"primaryImageOfPage":{"@id":"https:\/\/www.nicoleking.fr\/fr\/actualites\/presse\/artension-n175-agenda-des-expositions\/#primaryimage"},"image":{"@id":"https:\/\/www.nicoleking.fr\/fr\/actualites\/presse\/artension-n175-agenda-des-expositions\/#primaryimage"},"thumbnailUrl":"https:\/\/www.nicoleking.fr\/wp-content\/uploads\/2022\/09\/artension-175.jpg","datePublished":"2022-09-13T10:01:52+00:00","dateModified":"2022-11-30T16:26:01+00:00","description":"Dans sa rubrique l'Agenda des expos, le magazine Artension n\u00b0175 annonce l'exposition personnelle de Nicole King : \"Nicole King - Au fil de l'eau\", du 4 au 22 octobre (Le Pecq).","breadcrumb":{"@id":"https:\/\/www.nicoleking.fr\/fr\/actualites\/presse\/artension-n175-agenda-des-expositions\/#breadcrumb"},"inLanguage":"fr-FR","potentialAction":[{"@type":"ReadAction","target":["https:\/\/www.nicoleking.fr\/fr\/actualites\/presse\/artension-n175-agenda-des-expositions\/"]}]},{"@type":"ImageObject","inLanguage":"fr-FR","@id":"https:\/\/www.nicoleking.fr\/fr\/actualites\/presse\/artension-n175-agenda-des-expositions\/#primaryimage","url":"https:\/\/www.nicoleking.fr\/wp-content\/uploads\/2022\/09\/artension-175.jpg","contentUrl":"https:\/\/www.nicoleking.fr\/wp-content\/uploads\/2022\/09\/artension-175.jpg","width":800,"height":469,"caption":"Artension 175"},{"@type":"BreadcrumbList","@id":"https:\/\/www.nicoleking.fr\/fr\/actualites\/presse\/artension-n175-agenda-des-expositions\/#breadcrumb","itemListElement":[{"@type":"ListItem","position":1,"name":"Accueil","item":"https:\/\/www.nicoleking.fr\/fr\/"},{"@type":"ListItem","position":2,"name":"Actualit\u00e9s","item":"https:\/\/www.nicoleking.fr\/fr\/actualites\/"},{"@type":"ListItem","position":3,"name":"Presse","item":"https:\/\/www.nicoleking.fr\/fr\/actualites\/presse\/"},{"@type":"ListItem","position":4,"name":"Artension n\u00b0175 : agenda des expositions"}]},{"@type":"WebSite","@id":"https:\/\/www.nicoleking.fr\/fr\/#website","url":"https:\/\/www.nicoleking.fr\/fr\/","name":"Nicole King","description":"Art &amp; Ecologie","publisher":{"@id":"https:\/\/www.nicoleking.fr\/fr\/#organization"},"potentialAction":[{"@type":"SearchAction","target":{"@type":"EntryPoint","urlTemplate":"https:\/\/www.nicoleking.fr\/fr\/?s={search_term_string}"},"query-input":{"@type":"PropertyValueSpecification","valueRequired":true,"valueName":"search_term_string"}}],"inLanguage":"fr-FR"},{"@type":"Organization","@id":"https:\/\/www.nicoleking.fr\/fr\/#organization","name":"Nicole King Ecoartist","url":"https:\/\/www.nicoleking.fr\/fr\/","logo":{"@type":"ImageObject","inLanguage":"fr-FR","@id":"https:\/\/www.nicoleking.fr\/fr\/#\/schema\/logo\/image\/","url":"https:\/\/www.nicoleking.fr\/wp-content\/uploads\/2021\/06\/LogoNicoleKing.png","contentUrl":"https:\/\/www.nicoleking.fr\/wp-content\/uploads\/2021\/06\/LogoNicoleKing.png","width":300,"height":127,"caption":"Nicole King Ecoartist"},"image":{"@id":"https:\/\/www.nicoleking.fr\/fr\/#\/schema\/logo\/image\/"},"sameAs":["https:\/\/www.facebook.com\/profile.php?id=100015090904429","https:\/\/www.instagram.com\/nicolekingvolcy\/","https:\/\/www.linkedin.com\/in\/nicole-king-2768ba69\/"]},{"@type":"Person","@id":"https:\/\/www.nicoleking.fr\/fr\/#\/schema\/person\/5c822eaa5b418d227f7c94179f2ec4f6","name":"Service Communication","image":{"@type":"ImageObject","inLanguage":"fr-FR","@id":"https:\/\/secure.gravatar.com\/avatar\/394a3cf60ad806fe7bc8ff8819846cfe7d78e92112164b1b7f4d02cfc77091f1?s=96&d=mm&r=g","url":"https:\/\/secure.gravatar.com\/avatar\/394a3cf60ad806fe7bc8ff8819846cfe7d78e92112164b1b7f4d02cfc77091f1?s=96&d=mm&r=g","contentUrl":"https:\/\/secure.gravatar.com\/avatar\/394a3cf60ad806fe7bc8ff8819846cfe7d78e92112164b1b7f4d02cfc77091f1?s=96&d=mm&r=g","caption":"Service Communication"}}]}},"_links":{"self":[{"href":"https:\/\/www.nicoleking.fr\/fr\/wp-json\/wp\/v2\/posts\/6162","targetHints":{"allow":["GET"]}}],"collection":[{"href":"https:\/\/www.nicoleking.fr\/fr\/wp-json\/wp\/v2\/posts"}],"about":[{"href":"https:\/\/www.nicoleking.fr\/fr\/wp-json\/wp\/v2\/types\/post"}],"author":[{"embeddable":true,"href":"https:\/\/www.nicoleking.fr\/fr\/wp-json\/wp\/v2\/users\/2"}],"replies":[{"embeddable":true,"href":"https:\/\/www.nicoleking.fr\/fr\/wp-json\/wp\/v2\/comments?post=6162"}],"version-history":[{"count":0,"href":"https:\/\/www.nicoleking.fr\/fr\/wp-json\/wp\/v2\/posts\/6162\/revisions"}],"wp:featuredmedia":[{"embeddable":true,"href":"https:\/\/www.nicoleking.fr\/fr\/wp-json\/wp\/v2\/media\/6163"}],"wp:attachment":[{"href":"https:\/\/www.nicoleking.fr\/fr\/wp-json\/wp\/v2\/media?parent=6162"}],"wp:term":[{"taxonomy":"category","embeddable":true,"href":"https:\/\/www.nicoleking.fr\/fr\/wp-json\/wp\/v2\/categories?post=6162"},{"taxonomy":"post_tag","embeddable":true,"href":"https:\/\/www.nicoleking.fr\/fr\/wp-json\/wp\/v2\/tags?post=6162"}],"curies":[{"name":"wp","href":"https:\/\/api.w.org\/{rel}","templated":true}]}}