{"id":11248,"date":"2025-05-05T17:58:00","date_gmt":"2025-05-05T15:58:00","guid":{"rendered":"https:\/\/www.nicoleking.fr\/?p=11248"},"modified":"2025-06-23T19:35:54","modified_gmt":"2025-06-23T17:35:54","slug":"pour-un-ocean-vivant","status":"publish","type":"post","link":"https:\/\/www.nicoleking.fr\/fr\/expositions\/expositions-personnelles\/pour-un-ocean-vivant\/","title":{"rendered":"Pour un oc\u00e9an vivant"},"content":{"rendered":"\n<p>J\u2019ai le plaisir de vous inviter au vernissage de ma prochaine exposition personnelle en lien avec l&rsquo;Ann\u00e9e de la Mer 2025, pour d\u00e9couvrir une nouvelle s\u00e9lection de mes peintures, le jeudi<strong> 15 mai 2025<\/strong> \u00e0 partir de 18h30 au sein de l&rsquo;H\u00f4tel de ville du Pecq,\u00a0pour un moment de convivialit\u00e9 jusqu&rsquo;\u00e0 20h30.<\/p>\n\n\n\n<p>L&rsquo;exposition se tiendra du 13 au 27 mai 2025 \u00e0 l&rsquo;H\u00f4tel de ville du Pecq. <\/p>\n\n\n\n<p>Une visite de l&rsquo;exposition, suivie d&rsquo;un atelier R\u00e9cup&rsquo;Art aura lieu le 17 mai \u00e0 9h30. Pour vous inscrire : culturel@ville-lepecq.org ou au <a href=\"tel:33130616613\">0130616613<\/a>.<\/p>\n\n\n\n<p><strong>Informations pratiques\u00a0:<\/strong><\/p>\n\n\n\n<p>H\u00f4tel de ville du Pecq, 13 Bis Quai Maurice Berteaux &#8211; 78230 Le Pecq<br>Vernissage le 15 mai de 18h30 \u00e0 20h30 &#8211; Salle des mariages de l&rsquo;H\u00f4tel de ville<\/p>\n","protected":false},"excerpt":{"rendered":"<p>Exposition \u2018Pour un oc\u00e9an vivant\u2019, du 13 au 27 mai 2025 \u00e0 l\u2019h\u00f4tel de ville du Pecq.<\/p>\n","protected":false},"author":2,"featured_media":11249,"comment_status":"closed","ping_status":"closed","sticky":false,"template":"","format":"standard","meta":{"_acf_changed":false,"site-sidebar-layout":"default","site-content-layout":"","ast-site-content-layout":"default","site-content-style":"default","site-sidebar-style":"default","ast-global-header-display":"","ast-banner-title-visibility":"","ast-main-header-display":"","ast-hfb-above-header-display":"","ast-hfb-below-header-display":"","ast-hfb-mobile-header-display":"","site-post-title":"","ast-breadcrumbs-content":"","ast-featured-img":"","footer-sml-layout":"","ast-disable-related-posts":"","theme-transparent-header-meta":"","adv-header-id-meta":"","stick-header-meta":"","header-above-stick-meta":"","header-main-stick-meta":"","header-below-stick-meta":"","astra-migrate-meta-layouts":"set","ast-page-background-enabled":"default","ast-page-background-meta":{"desktop":{"background-color":"","background-image":"","background-repeat":"repeat","background-position":"center center","background-size":"auto","background-attachment":"scroll","background-type":"","background-media":"","overlay-type":"","overlay-color":"","overlay-opacity":"","overlay-gradient":""},"tablet":{"background-color":"","background-image":"","background-repeat":"repeat","background-position":"center center","background-size":"auto","background-attachment":"scroll","background-type":"","background-media":"","overlay-type":"","overlay-color":"","overlay-opacity":"","overlay-gradient":""},"mobile":{"background-color":"","background-image":"","background-repeat":"repeat","background-position":"center center","background-size":"auto","background-attachment":"scroll","background-type":"","background-media":"","overlay-type":"","overlay-color":"","overlay-opacity":"","overlay-gradient":""}},"ast-content-background-meta":{"desktop":{"background-color":"var(--ast-global-color-5)","background-image":"","background-repeat":"repeat","background-position":"center center","background-size":"auto","background-attachment":"scroll","background-type":"","background-media":"","overlay-type":"","overlay-color":"","overlay-opacity":"","overlay-gradient":""},"tablet":{"background-color":"var(--ast-global-color-5)","background-image":"","background-repeat":"repeat","background-position":"center center","background-size":"auto","background-attachment":"scroll","background-type":"","background-media":"","overlay-type":"","overlay-color":"","overlay-opacity":"","overlay-gradient":""},"mobile":{"background-color":"var(--ast-global-color-5)","background-image":"","background-repeat":"repeat","background-position":"center center","background-size":"auto","background-attachment":"scroll","background-type":"","background-media":"","overlay-type":"","overlay-color":"","overlay-opacity":"","overlay-gradient":""}},"footnotes":""},"categories":[8],"tags":[],"class_list":["post-11248","post","type-post","status-publish","format-standard","has-post-thumbnail","hentry","category-expositions-personnelles"],"acf":[],"yoast_head":"<!-- This site is optimized with the Yoast SEO plugin v27.5 - https:\/\/yoast.com\/product\/yoast-seo-wordpress\/ -->\n<title>Pour un oc\u00e9an vivant - Nicole King<\/title>\n<meta name=\"description\" content=\"Exposition \u2018Pour un oc\u00e9an vivant\u2019, du 13 au 27 mai 2025 \u00e0 l\u2019h\u00f4tel de ville du Pecq.\" \/>\n<meta name=\"robots\" content=\"index, follow, max-snippet:-1, max-image-preview:large, max-video-preview:-1\" \/>\n<link rel=\"canonical\" href=\"https:\/\/www.nicoleking.fr\/fr\/expositions\/expositions-personnelles\/pour-un-ocean-vivant\/\" \/>\n<meta property=\"og:locale\" content=\"fr_FR\" \/>\n<meta property=\"og:type\" content=\"article\" \/>\n<meta property=\"og:title\" content=\"Pour un oc\u00e9an vivant - Nicole King\" \/>\n<meta property=\"og:description\" content=\"Exposition \u2018Pour un oc\u00e9an vivant\u2019, du 13 au 27 mai 2025 \u00e0 l\u2019h\u00f4tel de ville du Pecq.\" \/>\n<meta property=\"og:url\" content=\"https:\/\/www.nicoleking.fr\/fr\/expositions\/expositions-personnelles\/pour-un-ocean-vivant\/\" \/>\n<meta property=\"og:site_name\" content=\"Nicole King\" \/>\n<meta property=\"article:publisher\" content=\"https:\/\/www.facebook.com\/profile.php?id=100015090904429\" \/>\n<meta property=\"article:published_time\" content=\"2025-05-05T15:58:00+00:00\" \/>\n<meta property=\"article:modified_time\" content=\"2025-06-23T17:35:54+00:00\" \/>\n<meta property=\"og:image\" content=\"https:\/\/www.nicoleking.fr\/wp-content\/uploads\/2025\/06\/pour-un-ocean-vivant-pecq-2025.jpg\" \/>\n\t<meta property=\"og:image:width\" content=\"800\" \/>\n\t<meta property=\"og:image:height\" content=\"469\" \/>\n\t<meta property=\"og:image:type\" content=\"image\/jpeg\" \/>\n<meta name=\"author\" content=\"Service Communication\" \/>\n<meta name=\"twitter:card\" content=\"summary_large_image\" \/>\n<meta name=\"twitter:label1\" content=\"\u00c9crit par\" \/>\n\t<meta name=\"twitter:data1\" content=\"Service Communication\" \/>\n\t<meta name=\"twitter:label2\" content=\"Dur\u00e9e de lecture estim\u00e9e\" \/>\n\t<meta name=\"twitter:data2\" content=\"1 minute\" \/>\n<script type=\"application\/ld+json\" class=\"yoast-schema-graph\">{\"@context\":\"https:\\\/\\\/schema.org\",\"@graph\":[{\"@type\":\"Article\",\"@id\":\"https:\\\/\\\/www.nicoleking.fr\\\/fr\\\/expositions\\\/expositions-personnelles\\\/pour-un-ocean-vivant\\\/#article\",\"isPartOf\":{\"@id\":\"https:\\\/\\\/www.nicoleking.fr\\\/fr\\\/expositions\\\/expositions-personnelles\\\/pour-un-ocean-vivant\\\/\"},\"author\":{\"name\":\"Service Communication\",\"@id\":\"https:\\\/\\\/www.nicoleking.fr\\\/fr\\\/#\\\/schema\\\/person\\\/5c822eaa5b418d227f7c94179f2ec4f6\"},\"headline\":\"Pour un oc\u00e9an vivant\",\"datePublished\":\"2025-05-05T15:58:00+00:00\",\"dateModified\":\"2025-06-23T17:35:54+00:00\",\"mainEntityOfPage\":{\"@id\":\"https:\\\/\\\/www.nicoleking.fr\\\/fr\\\/expositions\\\/expositions-personnelles\\\/pour-un-ocean-vivant\\\/\"},\"wordCount\":130,\"publisher\":{\"@id\":\"https:\\\/\\\/www.nicoleking.fr\\\/fr\\\/#organization\"},\"image\":{\"@id\":\"https:\\\/\\\/www.nicoleking.fr\\\/fr\\\/expositions\\\/expositions-personnelles\\\/pour-un-ocean-vivant\\\/#primaryimage\"},\"thumbnailUrl\":\"https:\\\/\\\/www.nicoleking.fr\\\/wp-content\\\/uploads\\\/2025\\\/06\\\/pour-un-ocean-vivant-pecq-2025.jpg\",\"articleSection\":[\"Expositions personnelles\"],\"inLanguage\":\"fr-FR\"},{\"@type\":\"WebPage\",\"@id\":\"https:\\\/\\\/www.nicoleking.fr\\\/fr\\\/expositions\\\/expositions-personnelles\\\/pour-un-ocean-vivant\\\/\",\"url\":\"https:\\\/\\\/www.nicoleking.fr\\\/fr\\\/expositions\\\/expositions-personnelles\\\/pour-un-ocean-vivant\\\/\",\"name\":\"Pour un oc\u00e9an vivant - Nicole King\",\"isPartOf\":{\"@id\":\"https:\\\/\\\/www.nicoleking.fr\\\/fr\\\/#website\"},\"primaryImageOfPage\":{\"@id\":\"https:\\\/\\\/www.nicoleking.fr\\\/fr\\\/expositions\\\/expositions-personnelles\\\/pour-un-ocean-vivant\\\/#primaryimage\"},\"image\":{\"@id\":\"https:\\\/\\\/www.nicoleking.fr\\\/fr\\\/expositions\\\/expositions-personnelles\\\/pour-un-ocean-vivant\\\/#primaryimage\"},\"thumbnailUrl\":\"https:\\\/\\\/www.nicoleking.fr\\\/wp-content\\\/uploads\\\/2025\\\/06\\\/pour-un-ocean-vivant-pecq-2025.jpg\",\"datePublished\":\"2025-05-05T15:58:00+00:00\",\"dateModified\":\"2025-06-23T17:35:54+00:00\",\"description\":\"Exposition \u2018Pour un oc\u00e9an vivant\u2019, du 13 au 27 mai 2025 \u00e0 l\u2019h\u00f4tel de ville du Pecq.\",\"breadcrumb\":{\"@id\":\"https:\\\/\\\/www.nicoleking.fr\\\/fr\\\/expositions\\\/expositions-personnelles\\\/pour-un-ocean-vivant\\\/#breadcrumb\"},\"inLanguage\":\"fr-FR\",\"potentialAction\":[{\"@type\":\"ReadAction\",\"target\":[\"https:\\\/\\\/www.nicoleking.fr\\\/fr\\\/expositions\\\/expositions-personnelles\\\/pour-un-ocean-vivant\\\/\"]}]},{\"@type\":\"ImageObject\",\"inLanguage\":\"fr-FR\",\"@id\":\"https:\\\/\\\/www.nicoleking.fr\\\/fr\\\/expositions\\\/expositions-personnelles\\\/pour-un-ocean-vivant\\\/#primaryimage\",\"url\":\"https:\\\/\\\/www.nicoleking.fr\\\/wp-content\\\/uploads\\\/2025\\\/06\\\/pour-un-ocean-vivant-pecq-2025.jpg\",\"contentUrl\":\"https:\\\/\\\/www.nicoleking.fr\\\/wp-content\\\/uploads\\\/2025\\\/06\\\/pour-un-ocean-vivant-pecq-2025.jpg\",\"width\":800,\"height\":469,\"caption\":\"Pour un oc\u00e9an vivant\"},{\"@type\":\"BreadcrumbList\",\"@id\":\"https:\\\/\\\/www.nicoleking.fr\\\/fr\\\/expositions\\\/expositions-personnelles\\\/pour-un-ocean-vivant\\\/#breadcrumb\",\"itemListElement\":[{\"@type\":\"ListItem\",\"position\":1,\"name\":\"Accueil\",\"item\":\"https:\\\/\\\/www.nicoleking.fr\\\/fr\\\/\"},{\"@type\":\"ListItem\",\"position\":2,\"name\":\"Expositions\",\"item\":\"https:\\\/\\\/www.nicoleking.fr\\\/fr\\\/expositions\\\/\"},{\"@type\":\"ListItem\",\"position\":3,\"name\":\"Expositions personnelles\",\"item\":\"https:\\\/\\\/www.nicoleking.fr\\\/fr\\\/expositions\\\/expositions-personnelles\\\/\"},{\"@type\":\"ListItem\",\"position\":4,\"name\":\"Pour un oc\u00e9an vivant\"}]},{\"@type\":\"WebSite\",\"@id\":\"https:\\\/\\\/www.nicoleking.fr\\\/fr\\\/#website\",\"url\":\"https:\\\/\\\/www.nicoleking.fr\\\/fr\\\/\",\"name\":\"Nicole King\",\"description\":\"Art &amp; Ecologie\",\"publisher\":{\"@id\":\"https:\\\/\\\/www.nicoleking.fr\\\/fr\\\/#organization\"},\"potentialAction\":[{\"@type\":\"SearchAction\",\"target\":{\"@type\":\"EntryPoint\",\"urlTemplate\":\"https:\\\/\\\/www.nicoleking.fr\\\/fr\\\/?s={search_term_string}\"},\"query-input\":{\"@type\":\"PropertyValueSpecification\",\"valueRequired\":true,\"valueName\":\"search_term_string\"}}],\"inLanguage\":\"fr-FR\"},{\"@type\":\"Organization\",\"@id\":\"https:\\\/\\\/www.nicoleking.fr\\\/fr\\\/#organization\",\"name\":\"Nicole King Ecoartist\",\"url\":\"https:\\\/\\\/www.nicoleking.fr\\\/fr\\\/\",\"logo\":{\"@type\":\"ImageObject\",\"inLanguage\":\"fr-FR\",\"@id\":\"https:\\\/\\\/www.nicoleking.fr\\\/fr\\\/#\\\/schema\\\/logo\\\/image\\\/\",\"url\":\"https:\\\/\\\/www.nicoleking.fr\\\/wp-content\\\/uploads\\\/2021\\\/06\\\/LogoNicoleKing.png\",\"contentUrl\":\"https:\\\/\\\/www.nicoleking.fr\\\/wp-content\\\/uploads\\\/2021\\\/06\\\/LogoNicoleKing.png\",\"width\":300,\"height\":127,\"caption\":\"Nicole King Ecoartist\"},\"image\":{\"@id\":\"https:\\\/\\\/www.nicoleking.fr\\\/fr\\\/#\\\/schema\\\/logo\\\/image\\\/\"},\"sameAs\":[\"https:\\\/\\\/www.facebook.com\\\/profile.php?id=100015090904429\",\"https:\\\/\\\/www.instagram.com\\\/nicolekingvolcy\\\/\",\"https:\\\/\\\/www.linkedin.com\\\/in\\\/nicole-king-2768ba69\\\/\"]},{\"@type\":\"Person\",\"@id\":\"https:\\\/\\\/www.nicoleking.fr\\\/fr\\\/#\\\/schema\\\/person\\\/5c822eaa5b418d227f7c94179f2ec4f6\",\"name\":\"Service Communication\",\"image\":{\"@type\":\"ImageObject\",\"inLanguage\":\"fr-FR\",\"@id\":\"https:\\\/\\\/secure.gravatar.com\\\/avatar\\\/394a3cf60ad806fe7bc8ff8819846cfe7d78e92112164b1b7f4d02cfc77091f1?s=96&d=mm&r=g\",\"url\":\"https:\\\/\\\/secure.gravatar.com\\\/avatar\\\/394a3cf60ad806fe7bc8ff8819846cfe7d78e92112164b1b7f4d02cfc77091f1?s=96&d=mm&r=g\",\"contentUrl\":\"https:\\\/\\\/secure.gravatar.com\\\/avatar\\\/394a3cf60ad806fe7bc8ff8819846cfe7d78e92112164b1b7f4d02cfc77091f1?s=96&d=mm&r=g\",\"caption\":\"Service Communication\"}}]}<\/script>\n<!-- \/ Yoast SEO plugin. -->","yoast_head_json":{"title":"Pour un oc\u00e9an vivant - Nicole King","description":"Exposition \u2018Pour un oc\u00e9an vivant\u2019, du 13 au 27 mai 2025 \u00e0 l\u2019h\u00f4tel de ville du Pecq.","robots":{"index":"index","follow":"follow","max-snippet":"max-snippet:-1","max-image-preview":"max-image-preview:large","max-video-preview":"max-video-preview:-1"},"canonical":"https:\/\/www.nicoleking.fr\/fr\/expositions\/expositions-personnelles\/pour-un-ocean-vivant\/","og_locale":"fr_FR","og_type":"article","og_title":"Pour un oc\u00e9an vivant - Nicole King","og_description":"Exposition \u2018Pour un oc\u00e9an vivant\u2019, du 13 au 27 mai 2025 \u00e0 l\u2019h\u00f4tel de ville du Pecq.","og_url":"https:\/\/www.nicoleking.fr\/fr\/expositions\/expositions-personnelles\/pour-un-ocean-vivant\/","og_site_name":"Nicole King","article_publisher":"https:\/\/www.facebook.com\/profile.php?id=100015090904429","article_published_time":"2025-05-05T15:58:00+00:00","article_modified_time":"2025-06-23T17:35:54+00:00","og_image":[{"width":800,"height":469,"url":"https:\/\/www.nicoleking.fr\/wp-content\/uploads\/2025\/06\/pour-un-ocean-vivant-pecq-2025.jpg","type":"image\/jpeg"}],"author":"Service Communication","twitter_card":"summary_large_image","twitter_misc":{"\u00c9crit par":"Service Communication","Dur\u00e9e de lecture estim\u00e9e":"1 minute"},"schema":{"@context":"https:\/\/schema.org","@graph":[{"@type":"Article","@id":"https:\/\/www.nicoleking.fr\/fr\/expositions\/expositions-personnelles\/pour-un-ocean-vivant\/#article","isPartOf":{"@id":"https:\/\/www.nicoleking.fr\/fr\/expositions\/expositions-personnelles\/pour-un-ocean-vivant\/"},"author":{"name":"Service Communication","@id":"https:\/\/www.nicoleking.fr\/fr\/#\/schema\/person\/5c822eaa5b418d227f7c94179f2ec4f6"},"headline":"Pour un oc\u00e9an vivant","datePublished":"2025-05-05T15:58:00+00:00","dateModified":"2025-06-23T17:35:54+00:00","mainEntityOfPage":{"@id":"https:\/\/www.nicoleking.fr\/fr\/expositions\/expositions-personnelles\/pour-un-ocean-vivant\/"},"wordCount":130,"publisher":{"@id":"https:\/\/www.nicoleking.fr\/fr\/#organization"},"image":{"@id":"https:\/\/www.nicoleking.fr\/fr\/expositions\/expositions-personnelles\/pour-un-ocean-vivant\/#primaryimage"},"thumbnailUrl":"https:\/\/www.nicoleking.fr\/wp-content\/uploads\/2025\/06\/pour-un-ocean-vivant-pecq-2025.jpg","articleSection":["Expositions personnelles"],"inLanguage":"fr-FR"},{"@type":"WebPage","@id":"https:\/\/www.nicoleking.fr\/fr\/expositions\/expositions-personnelles\/pour-un-ocean-vivant\/","url":"https:\/\/www.nicoleking.fr\/fr\/expositions\/expositions-personnelles\/pour-un-ocean-vivant\/","name":"Pour un oc\u00e9an vivant - Nicole King","isPartOf":{"@id":"https:\/\/www.nicoleking.fr\/fr\/#website"},"primaryImageOfPage":{"@id":"https:\/\/www.nicoleking.fr\/fr\/expositions\/expositions-personnelles\/pour-un-ocean-vivant\/#primaryimage"},"image":{"@id":"https:\/\/www.nicoleking.fr\/fr\/expositions\/expositions-personnelles\/pour-un-ocean-vivant\/#primaryimage"},"thumbnailUrl":"https:\/\/www.nicoleking.fr\/wp-content\/uploads\/2025\/06\/pour-un-ocean-vivant-pecq-2025.jpg","datePublished":"2025-05-05T15:58:00+00:00","dateModified":"2025-06-23T17:35:54+00:00","description":"Exposition \u2018Pour un oc\u00e9an vivant\u2019, du 13 au 27 mai 2025 \u00e0 l\u2019h\u00f4tel de ville du Pecq.","breadcrumb":{"@id":"https:\/\/www.nicoleking.fr\/fr\/expositions\/expositions-personnelles\/pour-un-ocean-vivant\/#breadcrumb"},"inLanguage":"fr-FR","potentialAction":[{"@type":"ReadAction","target":["https:\/\/www.nicoleking.fr\/fr\/expositions\/expositions-personnelles\/pour-un-ocean-vivant\/"]}]},{"@type":"ImageObject","inLanguage":"fr-FR","@id":"https:\/\/www.nicoleking.fr\/fr\/expositions\/expositions-personnelles\/pour-un-ocean-vivant\/#primaryimage","url":"https:\/\/www.nicoleking.fr\/wp-content\/uploads\/2025\/06\/pour-un-ocean-vivant-pecq-2025.jpg","contentUrl":"https:\/\/www.nicoleking.fr\/wp-content\/uploads\/2025\/06\/pour-un-ocean-vivant-pecq-2025.jpg","width":800,"height":469,"caption":"Pour un oc\u00e9an vivant"},{"@type":"BreadcrumbList","@id":"https:\/\/www.nicoleking.fr\/fr\/expositions\/expositions-personnelles\/pour-un-ocean-vivant\/#breadcrumb","itemListElement":[{"@type":"ListItem","position":1,"name":"Accueil","item":"https:\/\/www.nicoleking.fr\/fr\/"},{"@type":"ListItem","position":2,"name":"Expositions","item":"https:\/\/www.nicoleking.fr\/fr\/expositions\/"},{"@type":"ListItem","position":3,"name":"Expositions personnelles","item":"https:\/\/www.nicoleking.fr\/fr\/expositions\/expositions-personnelles\/"},{"@type":"ListItem","position":4,"name":"Pour un oc\u00e9an vivant"}]},{"@type":"WebSite","@id":"https:\/\/www.nicoleking.fr\/fr\/#website","url":"https:\/\/www.nicoleking.fr\/fr\/","name":"Nicole King","description":"Art &amp; Ecologie","publisher":{"@id":"https:\/\/www.nicoleking.fr\/fr\/#organization"},"potentialAction":[{"@type":"SearchAction","target":{"@type":"EntryPoint","urlTemplate":"https:\/\/www.nicoleking.fr\/fr\/?s={search_term_string}"},"query-input":{"@type":"PropertyValueSpecification","valueRequired":true,"valueName":"search_term_string"}}],"inLanguage":"fr-FR"},{"@type":"Organization","@id":"https:\/\/www.nicoleking.fr\/fr\/#organization","name":"Nicole King Ecoartist","url":"https:\/\/www.nicoleking.fr\/fr\/","logo":{"@type":"ImageObject","inLanguage":"fr-FR","@id":"https:\/\/www.nicoleking.fr\/fr\/#\/schema\/logo\/image\/","url":"https:\/\/www.nicoleking.fr\/wp-content\/uploads\/2021\/06\/LogoNicoleKing.png","contentUrl":"https:\/\/www.nicoleking.fr\/wp-content\/uploads\/2021\/06\/LogoNicoleKing.png","width":300,"height":127,"caption":"Nicole King Ecoartist"},"image":{"@id":"https:\/\/www.nicoleking.fr\/fr\/#\/schema\/logo\/image\/"},"sameAs":["https:\/\/www.facebook.com\/profile.php?id=100015090904429","https:\/\/www.instagram.com\/nicolekingvolcy\/","https:\/\/www.linkedin.com\/in\/nicole-king-2768ba69\/"]},{"@type":"Person","@id":"https:\/\/www.nicoleking.fr\/fr\/#\/schema\/person\/5c822eaa5b418d227f7c94179f2ec4f6","name":"Service Communication","image":{"@type":"ImageObject","inLanguage":"fr-FR","@id":"https:\/\/secure.gravatar.com\/avatar\/394a3cf60ad806fe7bc8ff8819846cfe7d78e92112164b1b7f4d02cfc77091f1?s=96&d=mm&r=g","url":"https:\/\/secure.gravatar.com\/avatar\/394a3cf60ad806fe7bc8ff8819846cfe7d78e92112164b1b7f4d02cfc77091f1?s=96&d=mm&r=g","contentUrl":"https:\/\/secure.gravatar.com\/avatar\/394a3cf60ad806fe7bc8ff8819846cfe7d78e92112164b1b7f4d02cfc77091f1?s=96&d=mm&r=g","caption":"Service Communication"}}]}},"_links":{"self":[{"href":"https:\/\/www.nicoleking.fr\/fr\/wp-json\/wp\/v2\/posts\/11248","targetHints":{"allow":["GET"]}}],"collection":[{"href":"https:\/\/www.nicoleking.fr\/fr\/wp-json\/wp\/v2\/posts"}],"about":[{"href":"https:\/\/www.nicoleking.fr\/fr\/wp-json\/wp\/v2\/types\/post"}],"author":[{"embeddable":true,"href":"https:\/\/www.nicoleking.fr\/fr\/wp-json\/wp\/v2\/users\/2"}],"replies":[{"embeddable":true,"href":"https:\/\/www.nicoleking.fr\/fr\/wp-json\/wp\/v2\/comments?post=11248"}],"version-history":[{"count":2,"href":"https:\/\/www.nicoleking.fr\/fr\/wp-json\/wp\/v2\/posts\/11248\/revisions"}],"predecessor-version":[{"id":11254,"href":"https:\/\/www.nicoleking.fr\/fr\/wp-json\/wp\/v2\/posts\/11248\/revisions\/11254"}],"wp:featuredmedia":[{"embeddable":true,"href":"https:\/\/www.nicoleking.fr\/fr\/wp-json\/wp\/v2\/media\/11249"}],"wp:attachment":[{"href":"https:\/\/www.nicoleking.fr\/fr\/wp-json\/wp\/v2\/media?parent=11248"}],"wp:term":[{"taxonomy":"category","embeddable":true,"href":"https:\/\/www.nicoleking.fr\/fr\/wp-json\/wp\/v2\/categories?post=11248"},{"taxonomy":"post_tag","embeddable":true,"href":"https:\/\/www.nicoleking.fr\/fr\/wp-json\/wp\/v2\/tags?post=11248"}],"curies":[{"name":"wp","href":"https:\/\/api.w.org\/{rel}","templated":true}]}}