{"id":10494,"date":"2025-03-03T19:53:59","date_gmt":"2025-03-03T18:53:59","guid":{"rendered":"https:\/\/www.nicoleking.fr\/?p=10494"},"modified":"2025-03-03T20:26:58","modified_gmt":"2025-03-03T19:26:58","slug":"prix-aquarelle-sennelier-2025","status":"publish","type":"post","link":"https:\/\/www.nicoleking.fr\/fr\/actualites\/recompenses\/prix-aquarelle-sennelier-2025\/","title":{"rendered":"Prix aquarelle Sennelier 2025"},"content":{"rendered":"\n<p>Je suis tr\u00e8s honor\u00e9e d\u2019avoir re\u00e7u le prix aquarelle Sennelier 2025 pour ma toile \u00ab D\u00e9construction du littoral \u00bb lors du Salon des Artistes Fran\u00e7ais \u00e0 Art Capital Paris.&nbsp;<\/p>\n\n\n\n<p>Cette \u0153uvre en technique mixte (peinture \u00e0 l\u2019eau associ\u00e9e \u00e0 l\u2019huile) est repr\u00e9sentative de ma d\u00e9marche militante, qui met l\u2019art au service d\u2019un message \u00e9cologique. La voir distingu\u00e9e me touche \u00e9norm\u00e9ment.<\/p>\n\n\n\n<p>Quel bonheur \u00e9galement de voir une telle foule (50 770 personnes, un record d\u2019affluence) admirer les nombreuses \u0153uvres pr\u00e9sent\u00e9es sous la magnifique verri\u00e8re du Grand Palais tout juste restaur\u00e9. Au milieu des d\u00e9sordres du monde, nous avons besoin de beaut\u00e9. Malgr\u00e9 les difficult\u00e9s, il est essentiel que cet \u00e9v\u00e9nement qui rassemble des milliers d\u2019artistes perdure !<\/p>\n\n\n<div  id=\"jtg-10503\" class=\"modula modula-gallery modula-columns\" data-config=\"{&quot;tabletHeight&quot;:800,&quot;mobileHeight&quot;:800,&quot;desktopHeight&quot;:800,&quot;enableTwitter&quot;:false,&quot;enableWhatsapp&quot;:false,&quot;enableFacebook&quot;:false,&quot;enablePinterest&quot;:false,&quot;enableLinkedin&quot;:false,&quot;enableEmail&quot;:false,&quot;randomFactor&quot;:0.5,&quot;type&quot;:&quot;grid&quot;,&quot;columns&quot;:12,&quot;gutter&quot;:10,&quot;mobileGutter&quot;:10,&quot;tabletGutter&quot;:10,&quot;desktopGutter&quot;:10,&quot;enableResponsive&quot;:&quot;0&quot;,&quot;tabletColumns&quot;:2,&quot;mobileColumns&quot;:1,&quot;lazyLoad&quot;:0,&quot;lightboxOpts&quot;:{&quot;animated&quot;:true,&quot;Thumbs&quot;:{&quot;type&quot;:&quot;modern&quot;,&quot;showOnStart&quot;:false},&quot;Toolbar&quot;:{&quot;display&quot;:{&quot;right&quot;:[&quot;close&quot;]},&quot;enabled&quot;:true},&quot;Carousel&quot;:{&quot;Panzoom&quot;:{&quot;touch&quot;:true},&quot;infinite&quot;:false},&quot;keyboard&quot;:{&quot;Escape&quot;:&quot;close&quot;,&quot;Delete&quot;:&quot;close&quot;,&quot;Backspace&quot;:&quot;close&quot;,&quot;PageUp&quot;:false,&quot;PageDown&quot;:false,&quot;ArrowUp&quot;:false,&quot;ArrowDown&quot;:false,&quot;ArrowRight&quot;:false,&quot;ArrowLeft&quot;:false},&quot;touch&quot;:false,&quot;backdropClick&quot;:false,&quot;l10n&quot;:{&quot;CLOSE&quot;:&quot;Close&quot;,&quot;NEXT&quot;:&quot;Next&quot;,&quot;PREV&quot;:&quot;Previous&quot;,&quot;Error&quot;:&quot;The requested content cannot be loaded. Please try again later.&quot;,&quot;PLAY_START&quot;:&quot;Start slideshow&quot;,&quot;PLAY_STOP&quot;:&quot;Pause slideshow&quot;,&quot;FULL_SCREEN&quot;:&quot;Full screen&quot;,&quot;THUMBS&quot;:&quot;Thumbnails&quot;,&quot;DOWNLOAD&quot;:&quot;Download&quot;,&quot;SHARE&quot;:&quot;Share&quot;,&quot;ZOOM&quot;:&quot;Zoom&quot;,&quot;EMAIL&quot;:&quot;Here is the link to the image : %%image_link%% and this is the link to the gallery : %%gallery_link%%&quot;,&quot;MODAL&quot;:&quot;You can close this modal content with the ESC key&quot;,&quot;ERROR&quot;:&quot;Something Went Wrong, Please Try Again Later&quot;,&quot;IMAGE_ERROR&quot;:&quot;Image Not Found&quot;,&quot;ELEMENT_NOT_FOUND&quot;:&quot;HTML Element Not Found&quot;,&quot;AJAX_NOT_FOUND&quot;:&quot;Error Loading AJAX : Not Found&quot;,&quot;AJAX_FORBIDDEN&quot;:&quot;Error Loading AJAX : Forbidden&quot;,&quot;IFRAME_ERROR&quot;:&quot;Error Loading Page&quot;,&quot;TOGGLE_ZOOM&quot;:&quot;Toggle zoom level&quot;,&quot;TOGGLE_THUMBS&quot;:&quot;Toggle thumbnails&quot;,&quot;TOGGLE_SLIDESHOW&quot;:&quot;Toggle slideshow&quot;,&quot;TOGGLE_FULLSCREEN&quot;:&quot;Toggle full-screen mode&quot;},&quot;Images&quot;:{&quot;Panzoom&quot;:{&quot;maxScale&quot;:2}},&quot;mainClass&quot;:&quot;modula-fancybox-container modula-lightbox-jtg-10503&quot;,&quot;Html&quot;:{&quot;videoAutoplay&quot;:0,&quot;videoTpl&quot;:&quot;&lt;video class=\\&quot;fancybox__html5video\\&quot; controls muted playsinline controlsList controlsList=\\&quot;nodownload\\&quot; poster=\\&quot;{{poster}}\\&quot; src=\\&quot;{{src}}\\&quot; type=\\&quot;{{format}}\\&quot; &gt;  Sorry, your browser doesn&#039;t support embedded videos, &lt;a href=\\&quot;{{src}}\\&quot;&gt; download &lt;\\\/a&gt; and watch with your favorite video player! &lt;\\\/video&gt;&quot;}},&quot;inView&quot;:false,&quot;email_subject&quot;:&quot;Check out this awesome image !!&quot;,&quot;email_message&quot;:&quot;Here is the link to the image : %%image_link%% and this is the link to the gallery : %%gallery_link%%&quot;,&quot;grid_type&quot;:&quot;automatic&quot;,&quot;rowHeight&quot;:250,&quot;lastRow&quot;:&quot;justify&quot;,&quot;lightbox&quot;:&quot;fancybox&quot;}\">\n\n\t\n\t<div  class=\"modula-items grid-gallery\">\n\t\t<div class=\"modula-item effect-pufrobo\" >\n\t<div class=\"modula-item-overlay\"><\/div>\n\n\t<div class=\"modula-item-content\">\n\n\t\t<a data-image-id=\"10504\" role=\"button\" data-elementor-open-lightbox=\"no\" tabindex=\"0\" rel=\"jtg-10503\" data-caption=\"\" aria-label=\"Open image in lightbox\" class=\"tile-inner modula-item-link\"><\/a><img fetchpriority=\"high\" decoding=\"async\" class=\"pic wp-image-10504\"  data-valign=\"middle\" data-halign=\"center\" alt=\"\" data-full=\"https:\/\/www.nicoleking.fr\/wp-content\/uploads\/2025\/03\/deconstruction-littoral-expo-prix.jpg\" title=\"deconstruction-littoral-expo-prix\" width=\"450\" height=\"600\" src=\"https:\/\/www.nicoleking.fr\/wp-content\/uploads\/2025\/03\/deconstruction-littoral-expo-prix.jpg\" data-src=\"https:\/\/www.nicoleking.fr\/wp-content\/uploads\/2025\/03\/deconstruction-littoral-expo-prix.jpg\" data-caption=\"\" srcset=\"https:\/\/www.nicoleking.fr\/wp-content\/uploads\/2025\/03\/deconstruction-littoral-expo-prix.jpg 450w, https:\/\/www.nicoleking.fr\/wp-content\/uploads\/2025\/03\/deconstruction-littoral-expo-prix-225x300.jpg 225w\" sizes=\"(max-width: 450px) 100vw, 450px\" \/>\n\t\t<div class=\"figc no-description\">\n\t\t\t<div class=\"figc-inner\">\n\t\t\t\t\t\t\t\t\t\t\t\t\t\t\t<\/div>\n\t\t<\/div>\n\n\t<\/div>\n\n<\/div><div class=\"modula-item effect-pufrobo\" >\n\t<div class=\"modula-item-overlay\"><\/div>\n\n\t<div class=\"modula-item-content\">\n\n\t\t<a data-image-id=\"10506\" role=\"button\" data-elementor-open-lightbox=\"no\" tabindex=\"0\" rel=\"jtg-10503\" data-caption=\"\" aria-label=\"Open image in lightbox\" class=\"tile-inner modula-item-link\"><\/a><img decoding=\"async\" class=\"pic wp-image-10506\"  data-valign=\"middle\" data-halign=\"center\" alt=\"\" data-full=\"https:\/\/www.nicoleking.fr\/wp-content\/uploads\/2025\/03\/deconstruction-littoral-expo-prix-2.jpg\" title=\"deconstruction-littoral-expo-prix-2\" width=\"450\" height=\"600\" src=\"https:\/\/www.nicoleking.fr\/wp-content\/uploads\/2025\/03\/deconstruction-littoral-expo-prix-2.jpg\" data-src=\"https:\/\/www.nicoleking.fr\/wp-content\/uploads\/2025\/03\/deconstruction-littoral-expo-prix-2.jpg\" data-caption=\"\" srcset=\"https:\/\/www.nicoleking.fr\/wp-content\/uploads\/2025\/03\/deconstruction-littoral-expo-prix-2.jpg 450w, https:\/\/www.nicoleking.fr\/wp-content\/uploads\/2025\/03\/deconstruction-littoral-expo-prix-2-225x300.jpg 225w\" sizes=\"(max-width: 450px) 100vw, 450px\" \/>\n\t\t<div class=\"figc no-description\">\n\t\t\t<div class=\"figc-inner\">\n\t\t\t\t\t\t\t\t\t\t\t\t\t\t\t<\/div>\n\t\t<\/div>\n\n\t<\/div>\n\n<\/div>\t\t\n\t<\/div>\n\n\t\n\t\n\t<script type=\"application\/ld+json\">\n\t{\n\t\t\"@context\": \"http:\/\/schema.org\",\n\t\t\"@type\"   : \"ImageGallery\",\n\t\t\"id\"      : \"https:\/\/www.nicoleking.fr\/fr\/actualites\/recompenses\/prix-aquarelle-sennelier-2025\/\",\n\t\t\"url\"     : \"https:\/\/www.nicoleking.fr\/fr\/actualites\/recompenses\/prix-aquarelle-sennelier-2025\/\"\n\t}\n\n\t<\/script>\n\n\t\n<\/div>\n\n","protected":false},"excerpt":{"rendered":"<p>Je suis tr\u00e8s honor\u00e9e d\u2019avoir re\u00e7u le prix aquarelle Sennelier 2025 pour ma toile \u00ab D\u00e9construction du littoral \u00bb lors du Salon des Artistes Fran\u00e7ais \u00e0 Art Capital Paris. <\/p>\n","protected":false},"author":2,"featured_media":10495,"comment_status":"closed","ping_status":"open","sticky":false,"template":"","format":"standard","meta":{"_acf_changed":false,"site-sidebar-layout":"default","site-content-layout":"","ast-site-content-layout":"default","site-content-style":"default","site-sidebar-style":"default","ast-global-header-display":"","ast-banner-title-visibility":"","ast-main-header-display":"","ast-hfb-above-header-display":"","ast-hfb-below-header-display":"","ast-hfb-mobile-header-display":"","site-post-title":"","ast-breadcrumbs-content":"","ast-featured-img":"","footer-sml-layout":"","ast-disable-related-posts":"","theme-transparent-header-meta":"","adv-header-id-meta":"","stick-header-meta":"","header-above-stick-meta":"","header-main-stick-meta":"","header-below-stick-meta":"","astra-migrate-meta-layouts":"set","ast-page-background-enabled":"default","ast-page-background-meta":{"desktop":{"background-color":"","background-image":"","background-repeat":"repeat","background-position":"center center","background-size":"auto","background-attachment":"scroll","background-type":"","background-media":"","overlay-type":"","overlay-color":"","overlay-opacity":"","overlay-gradient":""},"tablet":{"background-color":"","background-image":"","background-repeat":"repeat","background-position":"center center","background-size":"auto","background-attachment":"scroll","background-type":"","background-media":"","overlay-type":"","overlay-color":"","overlay-opacity":"","overlay-gradient":""},"mobile":{"background-color":"","background-image":"","background-repeat":"repeat","background-position":"center center","background-size":"auto","background-attachment":"scroll","background-type":"","background-media":"","overlay-type":"","overlay-color":"","overlay-opacity":"","overlay-gradient":""}},"ast-content-background-meta":{"desktop":{"background-color":"var(--ast-global-color-5)","background-image":"","background-repeat":"repeat","background-position":"center center","background-size":"auto","background-attachment":"scroll","background-type":"","background-media":"","overlay-type":"","overlay-color":"","overlay-opacity":"","overlay-gradient":""},"tablet":{"background-color":"var(--ast-global-color-5)","background-image":"","background-repeat":"repeat","background-position":"center center","background-size":"auto","background-attachment":"scroll","background-type":"","background-media":"","overlay-type":"","overlay-color":"","overlay-opacity":"","overlay-gradient":""},"mobile":{"background-color":"var(--ast-global-color-5)","background-image":"","background-repeat":"repeat","background-position":"center center","background-size":"auto","background-attachment":"scroll","background-type":"","background-media":"","overlay-type":"","overlay-color":"","overlay-opacity":"","overlay-gradient":""}},"footnotes":""},"categories":[17],"tags":[],"class_list":["post-10494","post","type-post","status-publish","format-standard","has-post-thumbnail","hentry","category-recompenses"],"acf":[],"yoast_head":"<!-- This site is optimized with the Yoast SEO plugin v27.5 - https:\/\/yoast.com\/product\/yoast-seo-wordpress\/ -->\n<title>Prix aquarelle Sennelier 2025 - Nicole King<\/title>\n<meta name=\"description\" content=\"Je suis tr\u00e8s honor\u00e9e d\u2019avoir re\u00e7u le prix aquarelle Sennelier 2025 pour ma toile \u00ab D\u00e9construction du littoral \u00bb lors du Salon des Artistes Fran\u00e7ais \u00e0 Art Capital Paris.\" \/>\n<meta name=\"robots\" content=\"index, follow, max-snippet:-1, max-image-preview:large, max-video-preview:-1\" \/>\n<link rel=\"canonical\" href=\"https:\/\/www.nicoleking.fr\/fr\/actualites\/recompenses\/prix-aquarelle-sennelier-2025\/\" \/>\n<meta property=\"og:locale\" content=\"fr_FR\" \/>\n<meta property=\"og:type\" content=\"article\" \/>\n<meta property=\"og:title\" content=\"Prix aquarelle Sennelier 2025 - Nicole King\" \/>\n<meta property=\"og:description\" content=\"Je suis tr\u00e8s honor\u00e9e d\u2019avoir re\u00e7u le prix aquarelle Sennelier 2025 pour ma toile \u00ab D\u00e9construction du littoral \u00bb lors du Salon des Artistes Fran\u00e7ais \u00e0 Art Capital Paris.\" \/>\n<meta property=\"og:url\" content=\"https:\/\/www.nicoleking.fr\/fr\/actualites\/recompenses\/prix-aquarelle-sennelier-2025\/\" \/>\n<meta property=\"og:site_name\" content=\"Nicole King\" \/>\n<meta property=\"article:publisher\" content=\"https:\/\/www.facebook.com\/profile.php?id=100015090904429\" \/>\n<meta property=\"article:published_time\" content=\"2025-03-03T18:53:59+00:00\" \/>\n<meta property=\"article:modified_time\" content=\"2025-03-03T19:26:58+00:00\" \/>\n<meta property=\"og:image\" content=\"https:\/\/www.nicoleking.fr\/wp-content\/uploads\/2025\/03\/prix-aquarelle-sennelier-2025.jpg\" \/>\n\t<meta property=\"og:image:width\" content=\"800\" \/>\n\t<meta property=\"og:image:height\" content=\"469\" \/>\n\t<meta property=\"og:image:type\" content=\"image\/jpeg\" \/>\n<meta name=\"author\" content=\"Service Communication\" \/>\n<meta name=\"twitter:card\" content=\"summary_large_image\" \/>\n<meta name=\"twitter:label1\" content=\"\u00c9crit par\" \/>\n\t<meta name=\"twitter:data1\" content=\"Service Communication\" \/>\n\t<meta name=\"twitter:label2\" content=\"Dur\u00e9e de lecture estim\u00e9e\" \/>\n\t<meta name=\"twitter:data2\" content=\"1 minute\" \/>\n<script type=\"application\/ld+json\" class=\"yoast-schema-graph\">{\"@context\":\"https:\\\/\\\/schema.org\",\"@graph\":[{\"@type\":\"Article\",\"@id\":\"https:\\\/\\\/www.nicoleking.fr\\\/fr\\\/actualites\\\/recompenses\\\/prix-aquarelle-sennelier-2025\\\/#article\",\"isPartOf\":{\"@id\":\"https:\\\/\\\/www.nicoleking.fr\\\/fr\\\/actualites\\\/recompenses\\\/prix-aquarelle-sennelier-2025\\\/\"},\"author\":{\"name\":\"Service Communication\",\"@id\":\"https:\\\/\\\/www.nicoleking.fr\\\/fr\\\/#\\\/schema\\\/person\\\/5c822eaa5b418d227f7c94179f2ec4f6\"},\"headline\":\"Prix aquarelle Sennelier 2025\",\"datePublished\":\"2025-03-03T18:53:59+00:00\",\"dateModified\":\"2025-03-03T19:26:58+00:00\",\"mainEntityOfPage\":{\"@id\":\"https:\\\/\\\/www.nicoleking.fr\\\/fr\\\/actualites\\\/recompenses\\\/prix-aquarelle-sennelier-2025\\\/\"},\"wordCount\":136,\"publisher\":{\"@id\":\"https:\\\/\\\/www.nicoleking.fr\\\/fr\\\/#organization\"},\"image\":{\"@id\":\"https:\\\/\\\/www.nicoleking.fr\\\/fr\\\/actualites\\\/recompenses\\\/prix-aquarelle-sennelier-2025\\\/#primaryimage\"},\"thumbnailUrl\":\"https:\\\/\\\/www.nicoleking.fr\\\/wp-content\\\/uploads\\\/2025\\\/03\\\/prix-aquarelle-sennelier-2025.jpg\",\"articleSection\":[\"R\u00e9compenses\"],\"inLanguage\":\"fr-FR\"},{\"@type\":\"WebPage\",\"@id\":\"https:\\\/\\\/www.nicoleking.fr\\\/fr\\\/actualites\\\/recompenses\\\/prix-aquarelle-sennelier-2025\\\/\",\"url\":\"https:\\\/\\\/www.nicoleking.fr\\\/fr\\\/actualites\\\/recompenses\\\/prix-aquarelle-sennelier-2025\\\/\",\"name\":\"Prix aquarelle Sennelier 2025 - Nicole King\",\"isPartOf\":{\"@id\":\"https:\\\/\\\/www.nicoleking.fr\\\/fr\\\/#website\"},\"primaryImageOfPage\":{\"@id\":\"https:\\\/\\\/www.nicoleking.fr\\\/fr\\\/actualites\\\/recompenses\\\/prix-aquarelle-sennelier-2025\\\/#primaryimage\"},\"image\":{\"@id\":\"https:\\\/\\\/www.nicoleking.fr\\\/fr\\\/actualites\\\/recompenses\\\/prix-aquarelle-sennelier-2025\\\/#primaryimage\"},\"thumbnailUrl\":\"https:\\\/\\\/www.nicoleking.fr\\\/wp-content\\\/uploads\\\/2025\\\/03\\\/prix-aquarelle-sennelier-2025.jpg\",\"datePublished\":\"2025-03-03T18:53:59+00:00\",\"dateModified\":\"2025-03-03T19:26:58+00:00\",\"description\":\"Je suis tr\u00e8s honor\u00e9e d\u2019avoir re\u00e7u le prix aquarelle Sennelier 2025 pour ma toile \u00ab D\u00e9construction du littoral \u00bb lors du Salon des Artistes Fran\u00e7ais \u00e0 Art Capital Paris.\",\"breadcrumb\":{\"@id\":\"https:\\\/\\\/www.nicoleking.fr\\\/fr\\\/actualites\\\/recompenses\\\/prix-aquarelle-sennelier-2025\\\/#breadcrumb\"},\"inLanguage\":\"fr-FR\",\"potentialAction\":[{\"@type\":\"ReadAction\",\"target\":[\"https:\\\/\\\/www.nicoleking.fr\\\/fr\\\/actualites\\\/recompenses\\\/prix-aquarelle-sennelier-2025\\\/\"]}]},{\"@type\":\"ImageObject\",\"inLanguage\":\"fr-FR\",\"@id\":\"https:\\\/\\\/www.nicoleking.fr\\\/fr\\\/actualites\\\/recompenses\\\/prix-aquarelle-sennelier-2025\\\/#primaryimage\",\"url\":\"https:\\\/\\\/www.nicoleking.fr\\\/wp-content\\\/uploads\\\/2025\\\/03\\\/prix-aquarelle-sennelier-2025.jpg\",\"contentUrl\":\"https:\\\/\\\/www.nicoleking.fr\\\/wp-content\\\/uploads\\\/2025\\\/03\\\/prix-aquarelle-sennelier-2025.jpg\",\"width\":800,\"height\":469,\"caption\":\"Prix aquarelle Sennelier 2025\"},{\"@type\":\"BreadcrumbList\",\"@id\":\"https:\\\/\\\/www.nicoleking.fr\\\/fr\\\/actualites\\\/recompenses\\\/prix-aquarelle-sennelier-2025\\\/#breadcrumb\",\"itemListElement\":[{\"@type\":\"ListItem\",\"position\":1,\"name\":\"Accueil\",\"item\":\"https:\\\/\\\/www.nicoleking.fr\\\/fr\\\/\"},{\"@type\":\"ListItem\",\"position\":2,\"name\":\"Actualit\u00e9s\",\"item\":\"https:\\\/\\\/www.nicoleking.fr\\\/fr\\\/actualites\\\/\"},{\"@type\":\"ListItem\",\"position\":3,\"name\":\"R\u00e9compenses\",\"item\":\"https:\\\/\\\/www.nicoleking.fr\\\/fr\\\/actualites\\\/recompenses\\\/\"},{\"@type\":\"ListItem\",\"position\":4,\"name\":\"Prix aquarelle Sennelier 2025\"}]},{\"@type\":\"WebSite\",\"@id\":\"https:\\\/\\\/www.nicoleking.fr\\\/fr\\\/#website\",\"url\":\"https:\\\/\\\/www.nicoleking.fr\\\/fr\\\/\",\"name\":\"Nicole King\",\"description\":\"Art &amp; Ecologie\",\"publisher\":{\"@id\":\"https:\\\/\\\/www.nicoleking.fr\\\/fr\\\/#organization\"},\"potentialAction\":[{\"@type\":\"SearchAction\",\"target\":{\"@type\":\"EntryPoint\",\"urlTemplate\":\"https:\\\/\\\/www.nicoleking.fr\\\/fr\\\/?s={search_term_string}\"},\"query-input\":{\"@type\":\"PropertyValueSpecification\",\"valueRequired\":true,\"valueName\":\"search_term_string\"}}],\"inLanguage\":\"fr-FR\"},{\"@type\":\"Organization\",\"@id\":\"https:\\\/\\\/www.nicoleking.fr\\\/fr\\\/#organization\",\"name\":\"Nicole King Ecoartist\",\"url\":\"https:\\\/\\\/www.nicoleking.fr\\\/fr\\\/\",\"logo\":{\"@type\":\"ImageObject\",\"inLanguage\":\"fr-FR\",\"@id\":\"https:\\\/\\\/www.nicoleking.fr\\\/fr\\\/#\\\/schema\\\/logo\\\/image\\\/\",\"url\":\"https:\\\/\\\/www.nicoleking.fr\\\/wp-content\\\/uploads\\\/2021\\\/06\\\/LogoNicoleKing.png\",\"contentUrl\":\"https:\\\/\\\/www.nicoleking.fr\\\/wp-content\\\/uploads\\\/2021\\\/06\\\/LogoNicoleKing.png\",\"width\":300,\"height\":127,\"caption\":\"Nicole King Ecoartist\"},\"image\":{\"@id\":\"https:\\\/\\\/www.nicoleking.fr\\\/fr\\\/#\\\/schema\\\/logo\\\/image\\\/\"},\"sameAs\":[\"https:\\\/\\\/www.facebook.com\\\/profile.php?id=100015090904429\",\"https:\\\/\\\/www.instagram.com\\\/nicolekingvolcy\\\/\",\"https:\\\/\\\/www.linkedin.com\\\/in\\\/nicole-king-2768ba69\\\/\"]},{\"@type\":\"Person\",\"@id\":\"https:\\\/\\\/www.nicoleking.fr\\\/fr\\\/#\\\/schema\\\/person\\\/5c822eaa5b418d227f7c94179f2ec4f6\",\"name\":\"Service Communication\",\"image\":{\"@type\":\"ImageObject\",\"inLanguage\":\"fr-FR\",\"@id\":\"https:\\\/\\\/secure.gravatar.com\\\/avatar\\\/394a3cf60ad806fe7bc8ff8819846cfe7d78e92112164b1b7f4d02cfc77091f1?s=96&d=mm&r=g\",\"url\":\"https:\\\/\\\/secure.gravatar.com\\\/avatar\\\/394a3cf60ad806fe7bc8ff8819846cfe7d78e92112164b1b7f4d02cfc77091f1?s=96&d=mm&r=g\",\"contentUrl\":\"https:\\\/\\\/secure.gravatar.com\\\/avatar\\\/394a3cf60ad806fe7bc8ff8819846cfe7d78e92112164b1b7f4d02cfc77091f1?s=96&d=mm&r=g\",\"caption\":\"Service Communication\"}}]}<\/script>\n<!-- \/ Yoast SEO plugin. -->","yoast_head_json":{"title":"Prix aquarelle Sennelier 2025 - Nicole King","description":"Je suis tr\u00e8s honor\u00e9e d\u2019avoir re\u00e7u le prix aquarelle Sennelier 2025 pour ma toile \u00ab D\u00e9construction du littoral \u00bb lors du Salon des Artistes Fran\u00e7ais \u00e0 Art Capital Paris.","robots":{"index":"index","follow":"follow","max-snippet":"max-snippet:-1","max-image-preview":"max-image-preview:large","max-video-preview":"max-video-preview:-1"},"canonical":"https:\/\/www.nicoleking.fr\/fr\/actualites\/recompenses\/prix-aquarelle-sennelier-2025\/","og_locale":"fr_FR","og_type":"article","og_title":"Prix aquarelle Sennelier 2025 - Nicole King","og_description":"Je suis tr\u00e8s honor\u00e9e d\u2019avoir re\u00e7u le prix aquarelle Sennelier 2025 pour ma toile \u00ab D\u00e9construction du littoral \u00bb lors du Salon des Artistes Fran\u00e7ais \u00e0 Art Capital Paris.","og_url":"https:\/\/www.nicoleking.fr\/fr\/actualites\/recompenses\/prix-aquarelle-sennelier-2025\/","og_site_name":"Nicole King","article_publisher":"https:\/\/www.facebook.com\/profile.php?id=100015090904429","article_published_time":"2025-03-03T18:53:59+00:00","article_modified_time":"2025-03-03T19:26:58+00:00","og_image":[{"width":800,"height":469,"url":"https:\/\/www.nicoleking.fr\/wp-content\/uploads\/2025\/03\/prix-aquarelle-sennelier-2025.jpg","type":"image\/jpeg"}],"author":"Service Communication","twitter_card":"summary_large_image","twitter_misc":{"\u00c9crit par":"Service Communication","Dur\u00e9e de lecture estim\u00e9e":"1 minute"},"schema":{"@context":"https:\/\/schema.org","@graph":[{"@type":"Article","@id":"https:\/\/www.nicoleking.fr\/fr\/actualites\/recompenses\/prix-aquarelle-sennelier-2025\/#article","isPartOf":{"@id":"https:\/\/www.nicoleking.fr\/fr\/actualites\/recompenses\/prix-aquarelle-sennelier-2025\/"},"author":{"name":"Service Communication","@id":"https:\/\/www.nicoleking.fr\/fr\/#\/schema\/person\/5c822eaa5b418d227f7c94179f2ec4f6"},"headline":"Prix aquarelle Sennelier 2025","datePublished":"2025-03-03T18:53:59+00:00","dateModified":"2025-03-03T19:26:58+00:00","mainEntityOfPage":{"@id":"https:\/\/www.nicoleking.fr\/fr\/actualites\/recompenses\/prix-aquarelle-sennelier-2025\/"},"wordCount":136,"publisher":{"@id":"https:\/\/www.nicoleking.fr\/fr\/#organization"},"image":{"@id":"https:\/\/www.nicoleking.fr\/fr\/actualites\/recompenses\/prix-aquarelle-sennelier-2025\/#primaryimage"},"thumbnailUrl":"https:\/\/www.nicoleking.fr\/wp-content\/uploads\/2025\/03\/prix-aquarelle-sennelier-2025.jpg","articleSection":["R\u00e9compenses"],"inLanguage":"fr-FR"},{"@type":"WebPage","@id":"https:\/\/www.nicoleking.fr\/fr\/actualites\/recompenses\/prix-aquarelle-sennelier-2025\/","url":"https:\/\/www.nicoleking.fr\/fr\/actualites\/recompenses\/prix-aquarelle-sennelier-2025\/","name":"Prix aquarelle Sennelier 2025 - Nicole King","isPartOf":{"@id":"https:\/\/www.nicoleking.fr\/fr\/#website"},"primaryImageOfPage":{"@id":"https:\/\/www.nicoleking.fr\/fr\/actualites\/recompenses\/prix-aquarelle-sennelier-2025\/#primaryimage"},"image":{"@id":"https:\/\/www.nicoleking.fr\/fr\/actualites\/recompenses\/prix-aquarelle-sennelier-2025\/#primaryimage"},"thumbnailUrl":"https:\/\/www.nicoleking.fr\/wp-content\/uploads\/2025\/03\/prix-aquarelle-sennelier-2025.jpg","datePublished":"2025-03-03T18:53:59+00:00","dateModified":"2025-03-03T19:26:58+00:00","description":"Je suis tr\u00e8s honor\u00e9e d\u2019avoir re\u00e7u le prix aquarelle Sennelier 2025 pour ma toile \u00ab D\u00e9construction du littoral \u00bb lors du Salon des Artistes Fran\u00e7ais \u00e0 Art Capital Paris.","breadcrumb":{"@id":"https:\/\/www.nicoleking.fr\/fr\/actualites\/recompenses\/prix-aquarelle-sennelier-2025\/#breadcrumb"},"inLanguage":"fr-FR","potentialAction":[{"@type":"ReadAction","target":["https:\/\/www.nicoleking.fr\/fr\/actualites\/recompenses\/prix-aquarelle-sennelier-2025\/"]}]},{"@type":"ImageObject","inLanguage":"fr-FR","@id":"https:\/\/www.nicoleking.fr\/fr\/actualites\/recompenses\/prix-aquarelle-sennelier-2025\/#primaryimage","url":"https:\/\/www.nicoleking.fr\/wp-content\/uploads\/2025\/03\/prix-aquarelle-sennelier-2025.jpg","contentUrl":"https:\/\/www.nicoleking.fr\/wp-content\/uploads\/2025\/03\/prix-aquarelle-sennelier-2025.jpg","width":800,"height":469,"caption":"Prix aquarelle Sennelier 2025"},{"@type":"BreadcrumbList","@id":"https:\/\/www.nicoleking.fr\/fr\/actualites\/recompenses\/prix-aquarelle-sennelier-2025\/#breadcrumb","itemListElement":[{"@type":"ListItem","position":1,"name":"Accueil","item":"https:\/\/www.nicoleking.fr\/fr\/"},{"@type":"ListItem","position":2,"name":"Actualit\u00e9s","item":"https:\/\/www.nicoleking.fr\/fr\/actualites\/"},{"@type":"ListItem","position":3,"name":"R\u00e9compenses","item":"https:\/\/www.nicoleking.fr\/fr\/actualites\/recompenses\/"},{"@type":"ListItem","position":4,"name":"Prix aquarelle Sennelier 2025"}]},{"@type":"WebSite","@id":"https:\/\/www.nicoleking.fr\/fr\/#website","url":"https:\/\/www.nicoleking.fr\/fr\/","name":"Nicole King","description":"Art &amp; Ecologie","publisher":{"@id":"https:\/\/www.nicoleking.fr\/fr\/#organization"},"potentialAction":[{"@type":"SearchAction","target":{"@type":"EntryPoint","urlTemplate":"https:\/\/www.nicoleking.fr\/fr\/?s={search_term_string}"},"query-input":{"@type":"PropertyValueSpecification","valueRequired":true,"valueName":"search_term_string"}}],"inLanguage":"fr-FR"},{"@type":"Organization","@id":"https:\/\/www.nicoleking.fr\/fr\/#organization","name":"Nicole King Ecoartist","url":"https:\/\/www.nicoleking.fr\/fr\/","logo":{"@type":"ImageObject","inLanguage":"fr-FR","@id":"https:\/\/www.nicoleking.fr\/fr\/#\/schema\/logo\/image\/","url":"https:\/\/www.nicoleking.fr\/wp-content\/uploads\/2021\/06\/LogoNicoleKing.png","contentUrl":"https:\/\/www.nicoleking.fr\/wp-content\/uploads\/2021\/06\/LogoNicoleKing.png","width":300,"height":127,"caption":"Nicole King Ecoartist"},"image":{"@id":"https:\/\/www.nicoleking.fr\/fr\/#\/schema\/logo\/image\/"},"sameAs":["https:\/\/www.facebook.com\/profile.php?id=100015090904429","https:\/\/www.instagram.com\/nicolekingvolcy\/","https:\/\/www.linkedin.com\/in\/nicole-king-2768ba69\/"]},{"@type":"Person","@id":"https:\/\/www.nicoleking.fr\/fr\/#\/schema\/person\/5c822eaa5b418d227f7c94179f2ec4f6","name":"Service Communication","image":{"@type":"ImageObject","inLanguage":"fr-FR","@id":"https:\/\/secure.gravatar.com\/avatar\/394a3cf60ad806fe7bc8ff8819846cfe7d78e92112164b1b7f4d02cfc77091f1?s=96&d=mm&r=g","url":"https:\/\/secure.gravatar.com\/avatar\/394a3cf60ad806fe7bc8ff8819846cfe7d78e92112164b1b7f4d02cfc77091f1?s=96&d=mm&r=g","contentUrl":"https:\/\/secure.gravatar.com\/avatar\/394a3cf60ad806fe7bc8ff8819846cfe7d78e92112164b1b7f4d02cfc77091f1?s=96&d=mm&r=g","caption":"Service Communication"}}]}},"_links":{"self":[{"href":"https:\/\/www.nicoleking.fr\/fr\/wp-json\/wp\/v2\/posts\/10494","targetHints":{"allow":["GET"]}}],"collection":[{"href":"https:\/\/www.nicoleking.fr\/fr\/wp-json\/wp\/v2\/posts"}],"about":[{"href":"https:\/\/www.nicoleking.fr\/fr\/wp-json\/wp\/v2\/types\/post"}],"author":[{"embeddable":true,"href":"https:\/\/www.nicoleking.fr\/fr\/wp-json\/wp\/v2\/users\/2"}],"replies":[{"embeddable":true,"href":"https:\/\/www.nicoleking.fr\/fr\/wp-json\/wp\/v2\/comments?post=10494"}],"version-history":[{"count":3,"href":"https:\/\/www.nicoleking.fr\/fr\/wp-json\/wp\/v2\/posts\/10494\/revisions"}],"predecessor-version":[{"id":10508,"href":"https:\/\/www.nicoleking.fr\/fr\/wp-json\/wp\/v2\/posts\/10494\/revisions\/10508"}],"wp:featuredmedia":[{"embeddable":true,"href":"https:\/\/www.nicoleking.fr\/fr\/wp-json\/wp\/v2\/media\/10495"}],"wp:attachment":[{"href":"https:\/\/www.nicoleking.fr\/fr\/wp-json\/wp\/v2\/media?parent=10494"}],"wp:term":[{"taxonomy":"category","embeddable":true,"href":"https:\/\/www.nicoleking.fr\/fr\/wp-json\/wp\/v2\/categories?post=10494"},{"taxonomy":"post_tag","embeddable":true,"href":"https:\/\/www.nicoleking.fr\/fr\/wp-json\/wp\/v2\/tags?post=10494"}],"curies":[{"name":"wp","href":"https:\/\/api.w.org\/{rel}","templated":true}]}}