{"id":10016,"date":"2024-11-30T14:21:00","date_gmt":"2024-11-30T13:21:00","guid":{"rendered":"https:\/\/www.nicoleking.fr\/?p=10016"},"modified":"2025-02-02T15:52:33","modified_gmt":"2025-02-02T14:52:33","slug":"peindre-pour-eveiller-le-regard-alerter-transmettre","status":"publish","type":"post","link":"https:\/\/www.nicoleking.fr\/fr\/actualites\/presse\/peindre-pour-eveiller-le-regard-alerter-transmettre\/","title":{"rendered":"Peindre pour \u00e9veiller le regard, alerter, transmettre"},"content":{"rendered":"\n<p>Fabienne Ramond interviewe Nicole King dans son \u00e9mission \u2018Commune plan\u00e8te en Moselle\u2019\u00a0 (30\/11\/2024 &#8211; RCF Jerico Moselle)<\/p>\n\n\n\n<blockquote class=\"wp-block-quote is-layout-flow wp-block-quote-is-layout-flow\">\n<p>La d\u00e9marche engag\u00e9e de l\u2019artiste-peintre Nicole KING, par ailleurs scientifique et p\u00e9dagogue, vise \u00e0 \u00e9veiller notre regard sur le devenir de la biodiversit\u00e9 de notre plan\u00e8te, notamment dans le domaine de l\u2019eau, douce ou sal\u00e9e.<br>Son message s\u2019adresse aux jeunes g\u00e9n\u00e9rations, pour leur transmettre une culture naturaliste par le biais de l\u2019esth\u00e9tique et de la Beaut\u00e9.<\/p>\n<\/blockquote>\n\n\n\n<p>\u00c9couter le podcast\u00a0:<\/p>\n\n\n\n<iframe allowfullscreen width=100% height=140px data-src=\"https:\/\/www.rcf.fr\/ecologie-et-solidarite\/commune-planete-moselle\/embed?episodeId=534349\" src=\"data:image\/svg+xml;base64,PHN2ZyB3aWR0aD0iMSIgaGVpZ2h0PSIxIiB4bWxucz0iaHR0cDovL3d3dy53My5vcmcvMjAwMC9zdmciPjwvc3ZnPg==\" class=\"lazyload\" data-load-mode=\"1\"><\/iframe>\n\n\n\n<p>Voir l\u2019article sur le site de RCF Radio\u00a0: <a href=\"https:\/\/www.rcf.fr\/ecologie-et-solidarite\/commune-planete-moselle?episode=534349\" target=\"_blank\" rel=\"noreferrer noopener\">https:\/\/www.rcf.fr\/ecologie-et-solidarite\/commune-planete-moselle?episode=534349<\/a><\/p>\n","protected":false},"excerpt":{"rendered":"<p>Fabienne Ramond interviewe Nicole King dans son \u00e9mission \u2018Commune plan\u00e8te en Moselle\u2019  (30\/11\/2024 &#8211; RCF Jerico Moselle)<\/p>\n","protected":false},"author":2,"featured_media":10015,"comment_status":"closed","ping_status":"open","sticky":false,"template":"","format":"standard","meta":{"_acf_changed":false,"site-sidebar-layout":"default","site-content-layout":"","ast-site-content-layout":"default","site-content-style":"default","site-sidebar-style":"default","ast-global-header-display":"","ast-banner-title-visibility":"","ast-main-header-display":"","ast-hfb-above-header-display":"","ast-hfb-below-header-display":"","ast-hfb-mobile-header-display":"","site-post-title":"","ast-breadcrumbs-content":"","ast-featured-img":"","footer-sml-layout":"","ast-disable-related-posts":"","theme-transparent-header-meta":"","adv-header-id-meta":"","stick-header-meta":"","header-above-stick-meta":"","header-main-stick-meta":"","header-below-stick-meta":"","astra-migrate-meta-layouts":"set","ast-page-background-enabled":"default","ast-page-background-meta":{"desktop":{"background-color":"","background-image":"","background-repeat":"repeat","background-position":"center center","background-size":"auto","background-attachment":"scroll","background-type":"","background-media":"","overlay-type":"","overlay-color":"","overlay-opacity":"","overlay-gradient":""},"tablet":{"background-color":"","background-image":"","background-repeat":"repeat","background-position":"center center","background-size":"auto","background-attachment":"scroll","background-type":"","background-media":"","overlay-type":"","overlay-color":"","overlay-opacity":"","overlay-gradient":""},"mobile":{"background-color":"","background-image":"","background-repeat":"repeat","background-position":"center center","background-size":"auto","background-attachment":"scroll","background-type":"","background-media":"","overlay-type":"","overlay-color":"","overlay-opacity":"","overlay-gradient":""}},"ast-content-background-meta":{"desktop":{"background-color":"var(--ast-global-color-5)","background-image":"","background-repeat":"repeat","background-position":"center center","background-size":"auto","background-attachment":"scroll","background-type":"","background-media":"","overlay-type":"","overlay-color":"","overlay-opacity":"","overlay-gradient":""},"tablet":{"background-color":"var(--ast-global-color-5)","background-image":"","background-repeat":"repeat","background-position":"center center","background-size":"auto","background-attachment":"scroll","background-type":"","background-media":"","overlay-type":"","overlay-color":"","overlay-opacity":"","overlay-gradient":""},"mobile":{"background-color":"var(--ast-global-color-5)","background-image":"","background-repeat":"repeat","background-position":"center center","background-size":"auto","background-attachment":"scroll","background-type":"","background-media":"","overlay-type":"","overlay-color":"","overlay-opacity":"","overlay-gradient":""}},"footnotes":""},"categories":[13],"tags":[],"class_list":["post-10016","post","type-post","status-publish","format-standard","has-post-thumbnail","hentry","category-presse"],"acf":[],"yoast_head":"<!-- This site is optimized with the Yoast SEO plugin v27.5 - https:\/\/yoast.com\/product\/yoast-seo-wordpress\/ -->\n<title>Peindre pour \u00e9veiller le regard, alerter, transmettre - Nicole King<\/title>\n<meta name=\"description\" content=\"Fabienne Ramond interviewe Nicole King dans son \u00e9mission \u2018Commune plan\u00e8te en Moselle\u2019 (30\/11\/2024 - RCF Jerico Moselle)\" \/>\n<meta name=\"robots\" content=\"index, follow, max-snippet:-1, max-image-preview:large, max-video-preview:-1\" \/>\n<link rel=\"canonical\" href=\"https:\/\/www.nicoleking.fr\/fr\/actualites\/presse\/peindre-pour-eveiller-le-regard-alerter-transmettre\/\" \/>\n<meta property=\"og:locale\" content=\"fr_FR\" \/>\n<meta property=\"og:type\" content=\"article\" \/>\n<meta property=\"og:title\" content=\"Peindre pour \u00e9veiller le regard, alerter, transmettre - Nicole King\" \/>\n<meta property=\"og:description\" content=\"Fabienne Ramond interviewe Nicole King dans son \u00e9mission \u2018Commune plan\u00e8te en Moselle\u2019 (30\/11\/2024 - RCF Jerico Moselle)\" \/>\n<meta property=\"og:url\" content=\"https:\/\/www.nicoleking.fr\/fr\/actualites\/presse\/peindre-pour-eveiller-le-regard-alerter-transmettre\/\" \/>\n<meta property=\"og:site_name\" content=\"Nicole King\" \/>\n<meta property=\"article:publisher\" content=\"https:\/\/www.facebook.com\/profile.php?id=100015090904429\" \/>\n<meta property=\"article:published_time\" content=\"2024-11-30T13:21:00+00:00\" \/>\n<meta property=\"article:modified_time\" content=\"2025-02-02T14:52:33+00:00\" \/>\n<meta property=\"og:image\" content=\"https:\/\/www.nicoleking.fr\/wp-content\/uploads\/2025\/01\/rcf-radio-2024-11-30.jpg\" \/>\n\t<meta property=\"og:image:width\" content=\"800\" \/>\n\t<meta property=\"og:image:height\" content=\"469\" \/>\n\t<meta property=\"og:image:type\" content=\"image\/jpeg\" \/>\n<meta name=\"author\" content=\"Service Communication\" \/>\n<meta name=\"twitter:card\" content=\"summary_large_image\" \/>\n<meta name=\"twitter:label1\" content=\"\u00c9crit par\" \/>\n\t<meta name=\"twitter:data1\" content=\"Service Communication\" \/>\n\t<meta name=\"twitter:label2\" content=\"Dur\u00e9e de lecture estim\u00e9e\" \/>\n\t<meta name=\"twitter:data2\" content=\"1 minute\" \/>\n<script type=\"application\/ld+json\" class=\"yoast-schema-graph\">{\"@context\":\"https:\\\/\\\/schema.org\",\"@graph\":[{\"@type\":\"Article\",\"@id\":\"https:\\\/\\\/www.nicoleking.fr\\\/fr\\\/actualites\\\/presse\\\/peindre-pour-eveiller-le-regard-alerter-transmettre\\\/#article\",\"isPartOf\":{\"@id\":\"https:\\\/\\\/www.nicoleking.fr\\\/fr\\\/actualites\\\/presse\\\/peindre-pour-eveiller-le-regard-alerter-transmettre\\\/\"},\"author\":{\"name\":\"Service Communication\",\"@id\":\"https:\\\/\\\/www.nicoleking.fr\\\/fr\\\/#\\\/schema\\\/person\\\/5c822eaa5b418d227f7c94179f2ec4f6\"},\"headline\":\"Peindre pour \u00e9veiller le regard, alerter, transmettre\",\"datePublished\":\"2024-11-30T13:21:00+00:00\",\"dateModified\":\"2025-02-02T14:52:33+00:00\",\"mainEntityOfPage\":{\"@id\":\"https:\\\/\\\/www.nicoleking.fr\\\/fr\\\/actualites\\\/presse\\\/peindre-pour-eveiller-le-regard-alerter-transmettre\\\/\"},\"wordCount\":110,\"publisher\":{\"@id\":\"https:\\\/\\\/www.nicoleking.fr\\\/fr\\\/#organization\"},\"image\":{\"@id\":\"https:\\\/\\\/www.nicoleking.fr\\\/fr\\\/actualites\\\/presse\\\/peindre-pour-eveiller-le-regard-alerter-transmettre\\\/#primaryimage\"},\"thumbnailUrl\":\"https:\\\/\\\/www.nicoleking.fr\\\/wp-content\\\/uploads\\\/2025\\\/01\\\/rcf-radio-2024-11-30.jpg\",\"articleSection\":[\"Presse\"],\"inLanguage\":\"fr-FR\"},{\"@type\":\"WebPage\",\"@id\":\"https:\\\/\\\/www.nicoleking.fr\\\/fr\\\/actualites\\\/presse\\\/peindre-pour-eveiller-le-regard-alerter-transmettre\\\/\",\"url\":\"https:\\\/\\\/www.nicoleking.fr\\\/fr\\\/actualites\\\/presse\\\/peindre-pour-eveiller-le-regard-alerter-transmettre\\\/\",\"name\":\"Peindre pour \u00e9veiller le regard, alerter, transmettre - Nicole King\",\"isPartOf\":{\"@id\":\"https:\\\/\\\/www.nicoleking.fr\\\/fr\\\/#website\"},\"primaryImageOfPage\":{\"@id\":\"https:\\\/\\\/www.nicoleking.fr\\\/fr\\\/actualites\\\/presse\\\/peindre-pour-eveiller-le-regard-alerter-transmettre\\\/#primaryimage\"},\"image\":{\"@id\":\"https:\\\/\\\/www.nicoleking.fr\\\/fr\\\/actualites\\\/presse\\\/peindre-pour-eveiller-le-regard-alerter-transmettre\\\/#primaryimage\"},\"thumbnailUrl\":\"https:\\\/\\\/www.nicoleking.fr\\\/wp-content\\\/uploads\\\/2025\\\/01\\\/rcf-radio-2024-11-30.jpg\",\"datePublished\":\"2024-11-30T13:21:00+00:00\",\"dateModified\":\"2025-02-02T14:52:33+00:00\",\"description\":\"Fabienne Ramond interviewe Nicole King dans son \u00e9mission \u2018Commune plan\u00e8te en Moselle\u2019 (30\\\/11\\\/2024 - RCF Jerico Moselle)\",\"breadcrumb\":{\"@id\":\"https:\\\/\\\/www.nicoleking.fr\\\/fr\\\/actualites\\\/presse\\\/peindre-pour-eveiller-le-regard-alerter-transmettre\\\/#breadcrumb\"},\"inLanguage\":\"fr-FR\",\"potentialAction\":[{\"@type\":\"ReadAction\",\"target\":[\"https:\\\/\\\/www.nicoleking.fr\\\/fr\\\/actualites\\\/presse\\\/peindre-pour-eveiller-le-regard-alerter-transmettre\\\/\"]}]},{\"@type\":\"ImageObject\",\"inLanguage\":\"fr-FR\",\"@id\":\"https:\\\/\\\/www.nicoleking.fr\\\/fr\\\/actualites\\\/presse\\\/peindre-pour-eveiller-le-regard-alerter-transmettre\\\/#primaryimage\",\"url\":\"https:\\\/\\\/www.nicoleking.fr\\\/wp-content\\\/uploads\\\/2025\\\/01\\\/rcf-radio-2024-11-30.jpg\",\"contentUrl\":\"https:\\\/\\\/www.nicoleking.fr\\\/wp-content\\\/uploads\\\/2025\\\/01\\\/rcf-radio-2024-11-30.jpg\",\"width\":800,\"height\":469,\"caption\":\"RCF radio Moselle\"},{\"@type\":\"BreadcrumbList\",\"@id\":\"https:\\\/\\\/www.nicoleking.fr\\\/fr\\\/actualites\\\/presse\\\/peindre-pour-eveiller-le-regard-alerter-transmettre\\\/#breadcrumb\",\"itemListElement\":[{\"@type\":\"ListItem\",\"position\":1,\"name\":\"Accueil\",\"item\":\"https:\\\/\\\/www.nicoleking.fr\\\/fr\\\/\"},{\"@type\":\"ListItem\",\"position\":2,\"name\":\"Actualit\u00e9s\",\"item\":\"https:\\\/\\\/www.nicoleking.fr\\\/fr\\\/actualites\\\/\"},{\"@type\":\"ListItem\",\"position\":3,\"name\":\"Presse\",\"item\":\"https:\\\/\\\/www.nicoleking.fr\\\/fr\\\/actualites\\\/presse\\\/\"},{\"@type\":\"ListItem\",\"position\":4,\"name\":\"Peindre pour \u00e9veiller le regard, alerter, transmettre\"}]},{\"@type\":\"WebSite\",\"@id\":\"https:\\\/\\\/www.nicoleking.fr\\\/fr\\\/#website\",\"url\":\"https:\\\/\\\/www.nicoleking.fr\\\/fr\\\/\",\"name\":\"Nicole King\",\"description\":\"Art &amp; Ecologie\",\"publisher\":{\"@id\":\"https:\\\/\\\/www.nicoleking.fr\\\/fr\\\/#organization\"},\"potentialAction\":[{\"@type\":\"SearchAction\",\"target\":{\"@type\":\"EntryPoint\",\"urlTemplate\":\"https:\\\/\\\/www.nicoleking.fr\\\/fr\\\/?s={search_term_string}\"},\"query-input\":{\"@type\":\"PropertyValueSpecification\",\"valueRequired\":true,\"valueName\":\"search_term_string\"}}],\"inLanguage\":\"fr-FR\"},{\"@type\":\"Organization\",\"@id\":\"https:\\\/\\\/www.nicoleking.fr\\\/fr\\\/#organization\",\"name\":\"Nicole King Ecoartist\",\"url\":\"https:\\\/\\\/www.nicoleking.fr\\\/fr\\\/\",\"logo\":{\"@type\":\"ImageObject\",\"inLanguage\":\"fr-FR\",\"@id\":\"https:\\\/\\\/www.nicoleking.fr\\\/fr\\\/#\\\/schema\\\/logo\\\/image\\\/\",\"url\":\"https:\\\/\\\/www.nicoleking.fr\\\/wp-content\\\/uploads\\\/2021\\\/06\\\/LogoNicoleKing.png\",\"contentUrl\":\"https:\\\/\\\/www.nicoleking.fr\\\/wp-content\\\/uploads\\\/2021\\\/06\\\/LogoNicoleKing.png\",\"width\":300,\"height\":127,\"caption\":\"Nicole King Ecoartist\"},\"image\":{\"@id\":\"https:\\\/\\\/www.nicoleking.fr\\\/fr\\\/#\\\/schema\\\/logo\\\/image\\\/\"},\"sameAs\":[\"https:\\\/\\\/www.facebook.com\\\/profile.php?id=100015090904429\",\"https:\\\/\\\/www.instagram.com\\\/nicolekingvolcy\\\/\",\"https:\\\/\\\/www.linkedin.com\\\/in\\\/nicole-king-2768ba69\\\/\"]},{\"@type\":\"Person\",\"@id\":\"https:\\\/\\\/www.nicoleking.fr\\\/fr\\\/#\\\/schema\\\/person\\\/5c822eaa5b418d227f7c94179f2ec4f6\",\"name\":\"Service Communication\",\"image\":{\"@type\":\"ImageObject\",\"inLanguage\":\"fr-FR\",\"@id\":\"https:\\\/\\\/secure.gravatar.com\\\/avatar\\\/394a3cf60ad806fe7bc8ff8819846cfe7d78e92112164b1b7f4d02cfc77091f1?s=96&d=mm&r=g\",\"url\":\"https:\\\/\\\/secure.gravatar.com\\\/avatar\\\/394a3cf60ad806fe7bc8ff8819846cfe7d78e92112164b1b7f4d02cfc77091f1?s=96&d=mm&r=g\",\"contentUrl\":\"https:\\\/\\\/secure.gravatar.com\\\/avatar\\\/394a3cf60ad806fe7bc8ff8819846cfe7d78e92112164b1b7f4d02cfc77091f1?s=96&d=mm&r=g\",\"caption\":\"Service Communication\"}}]}<\/script>\n<!-- \/ Yoast SEO plugin. -->","yoast_head_json":{"title":"Peindre pour \u00e9veiller le regard, alerter, transmettre - Nicole King","description":"Fabienne Ramond interviewe Nicole King dans son \u00e9mission \u2018Commune plan\u00e8te en Moselle\u2019 (30\/11\/2024 - RCF Jerico Moselle)","robots":{"index":"index","follow":"follow","max-snippet":"max-snippet:-1","max-image-preview":"max-image-preview:large","max-video-preview":"max-video-preview:-1"},"canonical":"https:\/\/www.nicoleking.fr\/fr\/actualites\/presse\/peindre-pour-eveiller-le-regard-alerter-transmettre\/","og_locale":"fr_FR","og_type":"article","og_title":"Peindre pour \u00e9veiller le regard, alerter, transmettre - Nicole King","og_description":"Fabienne Ramond interviewe Nicole King dans son \u00e9mission \u2018Commune plan\u00e8te en Moselle\u2019 (30\/11\/2024 - RCF Jerico Moselle)","og_url":"https:\/\/www.nicoleking.fr\/fr\/actualites\/presse\/peindre-pour-eveiller-le-regard-alerter-transmettre\/","og_site_name":"Nicole King","article_publisher":"https:\/\/www.facebook.com\/profile.php?id=100015090904429","article_published_time":"2024-11-30T13:21:00+00:00","article_modified_time":"2025-02-02T14:52:33+00:00","og_image":[{"width":800,"height":469,"url":"https:\/\/www.nicoleking.fr\/wp-content\/uploads\/2025\/01\/rcf-radio-2024-11-30.jpg","type":"image\/jpeg"}],"author":"Service Communication","twitter_card":"summary_large_image","twitter_misc":{"\u00c9crit par":"Service Communication","Dur\u00e9e de lecture estim\u00e9e":"1 minute"},"schema":{"@context":"https:\/\/schema.org","@graph":[{"@type":"Article","@id":"https:\/\/www.nicoleking.fr\/fr\/actualites\/presse\/peindre-pour-eveiller-le-regard-alerter-transmettre\/#article","isPartOf":{"@id":"https:\/\/www.nicoleking.fr\/fr\/actualites\/presse\/peindre-pour-eveiller-le-regard-alerter-transmettre\/"},"author":{"name":"Service Communication","@id":"https:\/\/www.nicoleking.fr\/fr\/#\/schema\/person\/5c822eaa5b418d227f7c94179f2ec4f6"},"headline":"Peindre pour \u00e9veiller le regard, alerter, transmettre","datePublished":"2024-11-30T13:21:00+00:00","dateModified":"2025-02-02T14:52:33+00:00","mainEntityOfPage":{"@id":"https:\/\/www.nicoleking.fr\/fr\/actualites\/presse\/peindre-pour-eveiller-le-regard-alerter-transmettre\/"},"wordCount":110,"publisher":{"@id":"https:\/\/www.nicoleking.fr\/fr\/#organization"},"image":{"@id":"https:\/\/www.nicoleking.fr\/fr\/actualites\/presse\/peindre-pour-eveiller-le-regard-alerter-transmettre\/#primaryimage"},"thumbnailUrl":"https:\/\/www.nicoleking.fr\/wp-content\/uploads\/2025\/01\/rcf-radio-2024-11-30.jpg","articleSection":["Presse"],"inLanguage":"fr-FR"},{"@type":"WebPage","@id":"https:\/\/www.nicoleking.fr\/fr\/actualites\/presse\/peindre-pour-eveiller-le-regard-alerter-transmettre\/","url":"https:\/\/www.nicoleking.fr\/fr\/actualites\/presse\/peindre-pour-eveiller-le-regard-alerter-transmettre\/","name":"Peindre pour \u00e9veiller le regard, alerter, transmettre - Nicole King","isPartOf":{"@id":"https:\/\/www.nicoleking.fr\/fr\/#website"},"primaryImageOfPage":{"@id":"https:\/\/www.nicoleking.fr\/fr\/actualites\/presse\/peindre-pour-eveiller-le-regard-alerter-transmettre\/#primaryimage"},"image":{"@id":"https:\/\/www.nicoleking.fr\/fr\/actualites\/presse\/peindre-pour-eveiller-le-regard-alerter-transmettre\/#primaryimage"},"thumbnailUrl":"https:\/\/www.nicoleking.fr\/wp-content\/uploads\/2025\/01\/rcf-radio-2024-11-30.jpg","datePublished":"2024-11-30T13:21:00+00:00","dateModified":"2025-02-02T14:52:33+00:00","description":"Fabienne Ramond interviewe Nicole King dans son \u00e9mission \u2018Commune plan\u00e8te en Moselle\u2019 (30\/11\/2024 - RCF Jerico Moselle)","breadcrumb":{"@id":"https:\/\/www.nicoleking.fr\/fr\/actualites\/presse\/peindre-pour-eveiller-le-regard-alerter-transmettre\/#breadcrumb"},"inLanguage":"fr-FR","potentialAction":[{"@type":"ReadAction","target":["https:\/\/www.nicoleking.fr\/fr\/actualites\/presse\/peindre-pour-eveiller-le-regard-alerter-transmettre\/"]}]},{"@type":"ImageObject","inLanguage":"fr-FR","@id":"https:\/\/www.nicoleking.fr\/fr\/actualites\/presse\/peindre-pour-eveiller-le-regard-alerter-transmettre\/#primaryimage","url":"https:\/\/www.nicoleking.fr\/wp-content\/uploads\/2025\/01\/rcf-radio-2024-11-30.jpg","contentUrl":"https:\/\/www.nicoleking.fr\/wp-content\/uploads\/2025\/01\/rcf-radio-2024-11-30.jpg","width":800,"height":469,"caption":"RCF radio Moselle"},{"@type":"BreadcrumbList","@id":"https:\/\/www.nicoleking.fr\/fr\/actualites\/presse\/peindre-pour-eveiller-le-regard-alerter-transmettre\/#breadcrumb","itemListElement":[{"@type":"ListItem","position":1,"name":"Accueil","item":"https:\/\/www.nicoleking.fr\/fr\/"},{"@type":"ListItem","position":2,"name":"Actualit\u00e9s","item":"https:\/\/www.nicoleking.fr\/fr\/actualites\/"},{"@type":"ListItem","position":3,"name":"Presse","item":"https:\/\/www.nicoleking.fr\/fr\/actualites\/presse\/"},{"@type":"ListItem","position":4,"name":"Peindre pour \u00e9veiller le regard, alerter, transmettre"}]},{"@type":"WebSite","@id":"https:\/\/www.nicoleking.fr\/fr\/#website","url":"https:\/\/www.nicoleking.fr\/fr\/","name":"Nicole King","description":"Art &amp; Ecologie","publisher":{"@id":"https:\/\/www.nicoleking.fr\/fr\/#organization"},"potentialAction":[{"@type":"SearchAction","target":{"@type":"EntryPoint","urlTemplate":"https:\/\/www.nicoleking.fr\/fr\/?s={search_term_string}"},"query-input":{"@type":"PropertyValueSpecification","valueRequired":true,"valueName":"search_term_string"}}],"inLanguage":"fr-FR"},{"@type":"Organization","@id":"https:\/\/www.nicoleking.fr\/fr\/#organization","name":"Nicole King Ecoartist","url":"https:\/\/www.nicoleking.fr\/fr\/","logo":{"@type":"ImageObject","inLanguage":"fr-FR","@id":"https:\/\/www.nicoleking.fr\/fr\/#\/schema\/logo\/image\/","url":"https:\/\/www.nicoleking.fr\/wp-content\/uploads\/2021\/06\/LogoNicoleKing.png","contentUrl":"https:\/\/www.nicoleking.fr\/wp-content\/uploads\/2021\/06\/LogoNicoleKing.png","width":300,"height":127,"caption":"Nicole King Ecoartist"},"image":{"@id":"https:\/\/www.nicoleking.fr\/fr\/#\/schema\/logo\/image\/"},"sameAs":["https:\/\/www.facebook.com\/profile.php?id=100015090904429","https:\/\/www.instagram.com\/nicolekingvolcy\/","https:\/\/www.linkedin.com\/in\/nicole-king-2768ba69\/"]},{"@type":"Person","@id":"https:\/\/www.nicoleking.fr\/fr\/#\/schema\/person\/5c822eaa5b418d227f7c94179f2ec4f6","name":"Service Communication","image":{"@type":"ImageObject","inLanguage":"fr-FR","@id":"https:\/\/secure.gravatar.com\/avatar\/394a3cf60ad806fe7bc8ff8819846cfe7d78e92112164b1b7f4d02cfc77091f1?s=96&d=mm&r=g","url":"https:\/\/secure.gravatar.com\/avatar\/394a3cf60ad806fe7bc8ff8819846cfe7d78e92112164b1b7f4d02cfc77091f1?s=96&d=mm&r=g","contentUrl":"https:\/\/secure.gravatar.com\/avatar\/394a3cf60ad806fe7bc8ff8819846cfe7d78e92112164b1b7f4d02cfc77091f1?s=96&d=mm&r=g","caption":"Service Communication"}}]}},"_links":{"self":[{"href":"https:\/\/www.nicoleking.fr\/fr\/wp-json\/wp\/v2\/posts\/10016","targetHints":{"allow":["GET"]}}],"collection":[{"href":"https:\/\/www.nicoleking.fr\/fr\/wp-json\/wp\/v2\/posts"}],"about":[{"href":"https:\/\/www.nicoleking.fr\/fr\/wp-json\/wp\/v2\/types\/post"}],"author":[{"embeddable":true,"href":"https:\/\/www.nicoleking.fr\/fr\/wp-json\/wp\/v2\/users\/2"}],"replies":[{"embeddable":true,"href":"https:\/\/www.nicoleking.fr\/fr\/wp-json\/wp\/v2\/comments?post=10016"}],"version-history":[{"count":1,"href":"https:\/\/www.nicoleking.fr\/fr\/wp-json\/wp\/v2\/posts\/10016\/revisions"}],"predecessor-version":[{"id":10017,"href":"https:\/\/www.nicoleking.fr\/fr\/wp-json\/wp\/v2\/posts\/10016\/revisions\/10017"}],"wp:featuredmedia":[{"embeddable":true,"href":"https:\/\/www.nicoleking.fr\/fr\/wp-json\/wp\/v2\/media\/10015"}],"wp:attachment":[{"href":"https:\/\/www.nicoleking.fr\/fr\/wp-json\/wp\/v2\/media?parent=10016"}],"wp:term":[{"taxonomy":"category","embeddable":true,"href":"https:\/\/www.nicoleking.fr\/fr\/wp-json\/wp\/v2\/categories?post=10016"},{"taxonomy":"post_tag","embeddable":true,"href":"https:\/\/www.nicoleking.fr\/fr\/wp-json\/wp\/v2\/tags?post=10016"}],"curies":[{"name":"wp","href":"https:\/\/api.w.org\/{rel}","templated":true}]}}