{"id":5730,"date":"2022-03-11T18:37:27","date_gmt":"2022-03-11T17:37:27","guid":{"rendered":"https:\/\/www.nicoleking.fr\/?p=5730"},"modified":"2022-11-30T18:07:15","modified_gmt":"2022-11-30T17:07:15","slug":"round-table-the-forgotten-women-of-history","status":"publish","type":"post","link":"https:\/\/www.nicoleking.fr\/en\/news\/conferences-en\/round-table-the-forgotten-women-of-history\/","title":{"rendered":"Round table: The forgotten women of history"},"content":{"rendered":"\n<blockquote class=\"wp-block-quote is-layout-flow wp-block-quote-is-layout-flow\"><p>The place and the importance of women in the field of art, music and science is not yet self-evident for all.\u00a0 In these fields, women are, even today, often relegated to the rank of &#8216;woman of&#8217;, &#8216;models&#8217; or &#8216;muses&#8217;. Yet, for centuries, women have been writing, creating, painting, sculpting, weaving and proving to be fantastic artists, scientists or authors.<\/p><p>Even today, and although in recent years great women figures have emerged in all of these fields, they suffer from belated recognition compared to their peers.&#8221;<\/p><\/blockquote>\n\n\n\n<p>Nicole King will participate in the round table &#8216;Women forgotten by history&#8217; where she has chosen to present two painters and two ecologists.<\/p>\n\n\n\n<p>Other participants in this round table will be:<\/p>\n\n\n\n<ul class=\"wp-block-list\"><li>Oph\u00e9lie Latil, creator of the Georgette Sand movement<\/li><li>Claire Vignes-Dumas, art historian<\/li><\/ul>\n\n\n\n<p>By reservation: <a href=\"https:\/\/www.levesinet.fr\/actualite\/le-vesinet-celebre-les-femmes\/\" target=\"_blank\" rel=\"noreferrer noopener\">https:\/\/www.levesinet.fr\/actualite\/le-vesinet-celebre-les-femmes\/<\/a>, section <em><strong>R\u00e9servez sans plus attendre votre place pour les \u00e9v\u00e9nements<\/strong><\/em>, choose March 15 on the calendar.<\/p>\n\n\n\n<p><strong>Tuesday, March 15, 2022 at 7:30 pm<\/strong><br>Salle du Conseil de la Mairie<br>60, Boulevard Carnot<br>78110 Le V\u00e9sinet<\/p>\n","protected":false},"excerpt":{"rendered":"<p>Nicole King will participate in the round table &#8216;The forgotten women of history&#8217;, March 15, 2022, Le V\u00e9sinet town hall.<\/p>\n","protected":false},"author":2,"featured_media":5724,"comment_status":"closed","ping_status":"open","sticky":false,"template":"","format":"standard","meta":{"_acf_changed":false,"site-sidebar-layout":"default","site-content-layout":"","ast-site-content-layout":"default","site-content-style":"default","site-sidebar-style":"default","ast-global-header-display":"","ast-banner-title-visibility":"","ast-main-header-display":"","ast-hfb-above-header-display":"","ast-hfb-below-header-display":"","ast-hfb-mobile-header-display":"","site-post-title":"","ast-breadcrumbs-content":"","ast-featured-img":"","footer-sml-layout":"","ast-disable-related-posts":"","theme-transparent-header-meta":"","adv-header-id-meta":"","stick-header-meta":"","header-above-stick-meta":"","header-main-stick-meta":"","header-below-stick-meta":"","astra-migrate-meta-layouts":"default","ast-page-background-enabled":"default","ast-page-background-meta":{"desktop":{"background-color":"","background-image":"","background-repeat":"repeat","background-position":"center center","background-size":"auto","background-attachment":"scroll","background-type":"","background-media":"","overlay-type":"","overlay-color":"","overlay-opacity":"","overlay-gradient":""},"tablet":{"background-color":"","background-image":"","background-repeat":"repeat","background-position":"center center","background-size":"auto","background-attachment":"scroll","background-type":"","background-media":"","overlay-type":"","overlay-color":"","overlay-opacity":"","overlay-gradient":""},"mobile":{"background-color":"","background-image":"","background-repeat":"repeat","background-position":"center center","background-size":"auto","background-attachment":"scroll","background-type":"","background-media":"","overlay-type":"","overlay-color":"","overlay-opacity":"","overlay-gradient":""}},"ast-content-background-meta":{"desktop":{"background-color":"var(--ast-global-color-5)","background-image":"","background-repeat":"repeat","background-position":"center center","background-size":"auto","background-attachment":"scroll","background-type":"","background-media":"","overlay-type":"","overlay-color":"","overlay-opacity":"","overlay-gradient":""},"tablet":{"background-color":"var(--ast-global-color-5)","background-image":"","background-repeat":"repeat","background-position":"center center","background-size":"auto","background-attachment":"scroll","background-type":"","background-media":"","overlay-type":"","overlay-color":"","overlay-opacity":"","overlay-gradient":""},"mobile":{"background-color":"var(--ast-global-color-5)","background-image":"","background-repeat":"repeat","background-position":"center center","background-size":"auto","background-attachment":"scroll","background-type":"","background-media":"","overlay-type":"","overlay-color":"","overlay-opacity":"","overlay-gradient":""}},"footnotes":""},"categories":[115],"tags":[],"class_list":["post-5730","post","type-post","status-publish","format-standard","has-post-thumbnail","hentry","category-conferences-en"],"acf":[],"yoast_head":"<!-- This site is optimized with the Yoast SEO plugin v27.5 - https:\/\/yoast.com\/product\/yoast-seo-wordpress\/ -->\n<title>Round table: The forgotten women of history - Nicole King<\/title>\n<meta name=\"description\" content=\"Nicole King will participate in the round table &#039;The forgotten women of history&#039;, March 15, 2022, Le V\u00e9sinet town hall.\" \/>\n<meta name=\"robots\" content=\"index, follow, max-snippet:-1, max-image-preview:large, max-video-preview:-1\" \/>\n<link rel=\"canonical\" href=\"https:\/\/www.nicoleking.fr\/en\/news\/conferences-en\/round-table-the-forgotten-women-of-history\/\" \/>\n<meta property=\"og:locale\" content=\"en_US\" \/>\n<meta property=\"og:type\" content=\"article\" \/>\n<meta property=\"og:title\" content=\"Round table: The forgotten women of history - Nicole King\" \/>\n<meta property=\"og:description\" content=\"Nicole King will participate in the round table &#039;The forgotten women of history&#039;, March 15, 2022, Le V\u00e9sinet town hall.\" \/>\n<meta property=\"og:url\" content=\"https:\/\/www.nicoleking.fr\/en\/news\/conferences-en\/round-table-the-forgotten-women-of-history\/\" \/>\n<meta property=\"og:site_name\" content=\"Nicole King\" \/>\n<meta property=\"article:publisher\" content=\"https:\/\/www.facebook.com\/profile.php?id=100015090904429\" \/>\n<meta property=\"article:published_time\" content=\"2022-03-11T17:37:27+00:00\" \/>\n<meta property=\"article:modified_time\" content=\"2022-11-30T17:07:15+00:00\" \/>\n<meta property=\"og:image\" content=\"https:\/\/www.nicoleking.fr\/wp-content\/uploads\/2022\/03\/table-ronde-mars-2022.jpg\" \/>\n\t<meta property=\"og:image:width\" content=\"800\" \/>\n\t<meta property=\"og:image:height\" content=\"469\" \/>\n\t<meta property=\"og:image:type\" content=\"image\/jpeg\" \/>\n<meta name=\"author\" content=\"Service Communication\" \/>\n<meta name=\"twitter:card\" content=\"summary_large_image\" \/>\n<meta name=\"twitter:label1\" content=\"Written by\" \/>\n\t<meta name=\"twitter:data1\" content=\"Service Communication\" \/>\n\t<meta name=\"twitter:label2\" content=\"Est. reading time\" \/>\n\t<meta name=\"twitter:data2\" content=\"1 minute\" \/>\n<script type=\"application\/ld+json\" class=\"yoast-schema-graph\">{\"@context\":\"https:\\\/\\\/schema.org\",\"@graph\":[{\"@type\":\"Article\",\"@id\":\"https:\\\/\\\/www.nicoleking.fr\\\/en\\\/news\\\/conferences-en\\\/round-table-the-forgotten-women-of-history\\\/#article\",\"isPartOf\":{\"@id\":\"https:\\\/\\\/www.nicoleking.fr\\\/en\\\/news\\\/conferences-en\\\/round-table-the-forgotten-women-of-history\\\/\"},\"author\":{\"name\":\"Service Communication\",\"@id\":\"https:\\\/\\\/www.nicoleking.fr\\\/en\\\/#\\\/schema\\\/person\\\/5c822eaa5b418d227f7c94179f2ec4f6\"},\"headline\":\"Round table: The forgotten women of history\",\"datePublished\":\"2022-03-11T17:37:27+00:00\",\"dateModified\":\"2022-11-30T17:07:15+00:00\",\"mainEntityOfPage\":{\"@id\":\"https:\\\/\\\/www.nicoleking.fr\\\/en\\\/news\\\/conferences-en\\\/round-table-the-forgotten-women-of-history\\\/\"},\"wordCount\":176,\"publisher\":{\"@id\":\"https:\\\/\\\/www.nicoleking.fr\\\/en\\\/#organization\"},\"image\":{\"@id\":\"https:\\\/\\\/www.nicoleking.fr\\\/en\\\/news\\\/conferences-en\\\/round-table-the-forgotten-women-of-history\\\/#primaryimage\"},\"thumbnailUrl\":\"https:\\\/\\\/www.nicoleking.fr\\\/wp-content\\\/uploads\\\/2022\\\/03\\\/table-ronde-mars-2022.jpg\",\"articleSection\":[\"Conferences\"],\"inLanguage\":\"en-US\"},{\"@type\":\"WebPage\",\"@id\":\"https:\\\/\\\/www.nicoleking.fr\\\/en\\\/news\\\/conferences-en\\\/round-table-the-forgotten-women-of-history\\\/\",\"url\":\"https:\\\/\\\/www.nicoleking.fr\\\/en\\\/news\\\/conferences-en\\\/round-table-the-forgotten-women-of-history\\\/\",\"name\":\"Round table: The forgotten women of history - Nicole King\",\"isPartOf\":{\"@id\":\"https:\\\/\\\/www.nicoleking.fr\\\/en\\\/#website\"},\"primaryImageOfPage\":{\"@id\":\"https:\\\/\\\/www.nicoleking.fr\\\/en\\\/news\\\/conferences-en\\\/round-table-the-forgotten-women-of-history\\\/#primaryimage\"},\"image\":{\"@id\":\"https:\\\/\\\/www.nicoleking.fr\\\/en\\\/news\\\/conferences-en\\\/round-table-the-forgotten-women-of-history\\\/#primaryimage\"},\"thumbnailUrl\":\"https:\\\/\\\/www.nicoleking.fr\\\/wp-content\\\/uploads\\\/2022\\\/03\\\/table-ronde-mars-2022.jpg\",\"datePublished\":\"2022-03-11T17:37:27+00:00\",\"dateModified\":\"2022-11-30T17:07:15+00:00\",\"description\":\"Nicole King will participate in the round table 'The forgotten women of history', March 15, 2022, Le V\u00e9sinet town hall.\",\"breadcrumb\":{\"@id\":\"https:\\\/\\\/www.nicoleking.fr\\\/en\\\/news\\\/conferences-en\\\/round-table-the-forgotten-women-of-history\\\/#breadcrumb\"},\"inLanguage\":\"en-US\",\"potentialAction\":[{\"@type\":\"ReadAction\",\"target\":[\"https:\\\/\\\/www.nicoleking.fr\\\/en\\\/news\\\/conferences-en\\\/round-table-the-forgotten-women-of-history\\\/\"]}]},{\"@type\":\"ImageObject\",\"inLanguage\":\"en-US\",\"@id\":\"https:\\\/\\\/www.nicoleking.fr\\\/en\\\/news\\\/conferences-en\\\/round-table-the-forgotten-women-of-history\\\/#primaryimage\",\"url\":\"https:\\\/\\\/www.nicoleking.fr\\\/wp-content\\\/uploads\\\/2022\\\/03\\\/table-ronde-mars-2022.jpg\",\"contentUrl\":\"https:\\\/\\\/www.nicoleking.fr\\\/wp-content\\\/uploads\\\/2022\\\/03\\\/table-ronde-mars-2022.jpg\",\"width\":800,\"height\":469,\"caption\":\"Table ronde mars 2022\"},{\"@type\":\"BreadcrumbList\",\"@id\":\"https:\\\/\\\/www.nicoleking.fr\\\/en\\\/news\\\/conferences-en\\\/round-table-the-forgotten-women-of-history\\\/#breadcrumb\",\"itemListElement\":[{\"@type\":\"ListItem\",\"position\":1,\"name\":\"Home\",\"item\":\"https:\\\/\\\/www.nicoleking.fr\\\/en\\\/\"},{\"@type\":\"ListItem\",\"position\":2,\"name\":\"News\",\"item\":\"https:\\\/\\\/www.nicoleking.fr\\\/en\\\/news\\\/\"},{\"@type\":\"ListItem\",\"position\":3,\"name\":\"Conferences\",\"item\":\"https:\\\/\\\/www.nicoleking.fr\\\/en\\\/news\\\/conferences-en\\\/\"},{\"@type\":\"ListItem\",\"position\":4,\"name\":\"Round table: The forgotten women of history\"}]},{\"@type\":\"WebSite\",\"@id\":\"https:\\\/\\\/www.nicoleking.fr\\\/en\\\/#website\",\"url\":\"https:\\\/\\\/www.nicoleking.fr\\\/en\\\/\",\"name\":\"Nicole King\",\"description\":\"Art &amp; Ecology\",\"publisher\":{\"@id\":\"https:\\\/\\\/www.nicoleking.fr\\\/en\\\/#organization\"},\"potentialAction\":[{\"@type\":\"SearchAction\",\"target\":{\"@type\":\"EntryPoint\",\"urlTemplate\":\"https:\\\/\\\/www.nicoleking.fr\\\/en\\\/?s={search_term_string}\"},\"query-input\":{\"@type\":\"PropertyValueSpecification\",\"valueRequired\":true,\"valueName\":\"search_term_string\"}}],\"inLanguage\":\"en-US\"},{\"@type\":\"Organization\",\"@id\":\"https:\\\/\\\/www.nicoleking.fr\\\/en\\\/#organization\",\"name\":\"Nicole King Ecoartist\",\"url\":\"https:\\\/\\\/www.nicoleking.fr\\\/en\\\/\",\"logo\":{\"@type\":\"ImageObject\",\"inLanguage\":\"en-US\",\"@id\":\"https:\\\/\\\/www.nicoleking.fr\\\/en\\\/#\\\/schema\\\/logo\\\/image\\\/\",\"url\":\"https:\\\/\\\/www.nicoleking.fr\\\/wp-content\\\/uploads\\\/2021\\\/06\\\/LogoNicoleKing.png\",\"contentUrl\":\"https:\\\/\\\/www.nicoleking.fr\\\/wp-content\\\/uploads\\\/2021\\\/06\\\/LogoNicoleKing.png\",\"width\":300,\"height\":127,\"caption\":\"Nicole King Ecoartist\"},\"image\":{\"@id\":\"https:\\\/\\\/www.nicoleking.fr\\\/en\\\/#\\\/schema\\\/logo\\\/image\\\/\"},\"sameAs\":[\"https:\\\/\\\/www.facebook.com\\\/profile.php?id=100015090904429\",\"https:\\\/\\\/www.instagram.com\\\/nicolekingvolcy\\\/\",\"https:\\\/\\\/www.linkedin.com\\\/in\\\/nicole-king-2768ba69\\\/\"]},{\"@type\":\"Person\",\"@id\":\"https:\\\/\\\/www.nicoleking.fr\\\/en\\\/#\\\/schema\\\/person\\\/5c822eaa5b418d227f7c94179f2ec4f6\",\"name\":\"Service Communication\",\"image\":{\"@type\":\"ImageObject\",\"inLanguage\":\"en-US\",\"@id\":\"https:\\\/\\\/secure.gravatar.com\\\/avatar\\\/394a3cf60ad806fe7bc8ff8819846cfe7d78e92112164b1b7f4d02cfc77091f1?s=96&d=mm&r=g\",\"url\":\"https:\\\/\\\/secure.gravatar.com\\\/avatar\\\/394a3cf60ad806fe7bc8ff8819846cfe7d78e92112164b1b7f4d02cfc77091f1?s=96&d=mm&r=g\",\"contentUrl\":\"https:\\\/\\\/secure.gravatar.com\\\/avatar\\\/394a3cf60ad806fe7bc8ff8819846cfe7d78e92112164b1b7f4d02cfc77091f1?s=96&d=mm&r=g\",\"caption\":\"Service Communication\"}}]}<\/script>\n<!-- \/ Yoast SEO plugin. -->","yoast_head_json":{"title":"Round table: The forgotten women of history - Nicole King","description":"Nicole King will participate in the round table 'The forgotten women of history', March 15, 2022, Le V\u00e9sinet town hall.","robots":{"index":"index","follow":"follow","max-snippet":"max-snippet:-1","max-image-preview":"max-image-preview:large","max-video-preview":"max-video-preview:-1"},"canonical":"https:\/\/www.nicoleking.fr\/en\/news\/conferences-en\/round-table-the-forgotten-women-of-history\/","og_locale":"en_US","og_type":"article","og_title":"Round table: The forgotten women of history - Nicole King","og_description":"Nicole King will participate in the round table 'The forgotten women of history', March 15, 2022, Le V\u00e9sinet town hall.","og_url":"https:\/\/www.nicoleking.fr\/en\/news\/conferences-en\/round-table-the-forgotten-women-of-history\/","og_site_name":"Nicole King","article_publisher":"https:\/\/www.facebook.com\/profile.php?id=100015090904429","article_published_time":"2022-03-11T17:37:27+00:00","article_modified_time":"2022-11-30T17:07:15+00:00","og_image":[{"width":800,"height":469,"url":"https:\/\/www.nicoleking.fr\/wp-content\/uploads\/2022\/03\/table-ronde-mars-2022.jpg","type":"image\/jpeg"}],"author":"Service Communication","twitter_card":"summary_large_image","twitter_misc":{"Written by":"Service Communication","Est. reading time":"1 minute"},"schema":{"@context":"https:\/\/schema.org","@graph":[{"@type":"Article","@id":"https:\/\/www.nicoleking.fr\/en\/news\/conferences-en\/round-table-the-forgotten-women-of-history\/#article","isPartOf":{"@id":"https:\/\/www.nicoleking.fr\/en\/news\/conferences-en\/round-table-the-forgotten-women-of-history\/"},"author":{"name":"Service Communication","@id":"https:\/\/www.nicoleking.fr\/en\/#\/schema\/person\/5c822eaa5b418d227f7c94179f2ec4f6"},"headline":"Round table: The forgotten women of history","datePublished":"2022-03-11T17:37:27+00:00","dateModified":"2022-11-30T17:07:15+00:00","mainEntityOfPage":{"@id":"https:\/\/www.nicoleking.fr\/en\/news\/conferences-en\/round-table-the-forgotten-women-of-history\/"},"wordCount":176,"publisher":{"@id":"https:\/\/www.nicoleking.fr\/en\/#organization"},"image":{"@id":"https:\/\/www.nicoleking.fr\/en\/news\/conferences-en\/round-table-the-forgotten-women-of-history\/#primaryimage"},"thumbnailUrl":"https:\/\/www.nicoleking.fr\/wp-content\/uploads\/2022\/03\/table-ronde-mars-2022.jpg","articleSection":["Conferences"],"inLanguage":"en-US"},{"@type":"WebPage","@id":"https:\/\/www.nicoleking.fr\/en\/news\/conferences-en\/round-table-the-forgotten-women-of-history\/","url":"https:\/\/www.nicoleking.fr\/en\/news\/conferences-en\/round-table-the-forgotten-women-of-history\/","name":"Round table: The forgotten women of history - Nicole King","isPartOf":{"@id":"https:\/\/www.nicoleking.fr\/en\/#website"},"primaryImageOfPage":{"@id":"https:\/\/www.nicoleking.fr\/en\/news\/conferences-en\/round-table-the-forgotten-women-of-history\/#primaryimage"},"image":{"@id":"https:\/\/www.nicoleking.fr\/en\/news\/conferences-en\/round-table-the-forgotten-women-of-history\/#primaryimage"},"thumbnailUrl":"https:\/\/www.nicoleking.fr\/wp-content\/uploads\/2022\/03\/table-ronde-mars-2022.jpg","datePublished":"2022-03-11T17:37:27+00:00","dateModified":"2022-11-30T17:07:15+00:00","description":"Nicole King will participate in the round table 'The forgotten women of history', March 15, 2022, Le V\u00e9sinet town hall.","breadcrumb":{"@id":"https:\/\/www.nicoleking.fr\/en\/news\/conferences-en\/round-table-the-forgotten-women-of-history\/#breadcrumb"},"inLanguage":"en-US","potentialAction":[{"@type":"ReadAction","target":["https:\/\/www.nicoleking.fr\/en\/news\/conferences-en\/round-table-the-forgotten-women-of-history\/"]}]},{"@type":"ImageObject","inLanguage":"en-US","@id":"https:\/\/www.nicoleking.fr\/en\/news\/conferences-en\/round-table-the-forgotten-women-of-history\/#primaryimage","url":"https:\/\/www.nicoleking.fr\/wp-content\/uploads\/2022\/03\/table-ronde-mars-2022.jpg","contentUrl":"https:\/\/www.nicoleking.fr\/wp-content\/uploads\/2022\/03\/table-ronde-mars-2022.jpg","width":800,"height":469,"caption":"Table ronde mars 2022"},{"@type":"BreadcrumbList","@id":"https:\/\/www.nicoleking.fr\/en\/news\/conferences-en\/round-table-the-forgotten-women-of-history\/#breadcrumb","itemListElement":[{"@type":"ListItem","position":1,"name":"Home","item":"https:\/\/www.nicoleking.fr\/en\/"},{"@type":"ListItem","position":2,"name":"News","item":"https:\/\/www.nicoleking.fr\/en\/news\/"},{"@type":"ListItem","position":3,"name":"Conferences","item":"https:\/\/www.nicoleking.fr\/en\/news\/conferences-en\/"},{"@type":"ListItem","position":4,"name":"Round table: The forgotten women of history"}]},{"@type":"WebSite","@id":"https:\/\/www.nicoleking.fr\/en\/#website","url":"https:\/\/www.nicoleking.fr\/en\/","name":"Nicole King","description":"Art &amp; Ecology","publisher":{"@id":"https:\/\/www.nicoleking.fr\/en\/#organization"},"potentialAction":[{"@type":"SearchAction","target":{"@type":"EntryPoint","urlTemplate":"https:\/\/www.nicoleking.fr\/en\/?s={search_term_string}"},"query-input":{"@type":"PropertyValueSpecification","valueRequired":true,"valueName":"search_term_string"}}],"inLanguage":"en-US"},{"@type":"Organization","@id":"https:\/\/www.nicoleking.fr\/en\/#organization","name":"Nicole King Ecoartist","url":"https:\/\/www.nicoleking.fr\/en\/","logo":{"@type":"ImageObject","inLanguage":"en-US","@id":"https:\/\/www.nicoleking.fr\/en\/#\/schema\/logo\/image\/","url":"https:\/\/www.nicoleking.fr\/wp-content\/uploads\/2021\/06\/LogoNicoleKing.png","contentUrl":"https:\/\/www.nicoleking.fr\/wp-content\/uploads\/2021\/06\/LogoNicoleKing.png","width":300,"height":127,"caption":"Nicole King Ecoartist"},"image":{"@id":"https:\/\/www.nicoleking.fr\/en\/#\/schema\/logo\/image\/"},"sameAs":["https:\/\/www.facebook.com\/profile.php?id=100015090904429","https:\/\/www.instagram.com\/nicolekingvolcy\/","https:\/\/www.linkedin.com\/in\/nicole-king-2768ba69\/"]},{"@type":"Person","@id":"https:\/\/www.nicoleking.fr\/en\/#\/schema\/person\/5c822eaa5b418d227f7c94179f2ec4f6","name":"Service Communication","image":{"@type":"ImageObject","inLanguage":"en-US","@id":"https:\/\/secure.gravatar.com\/avatar\/394a3cf60ad806fe7bc8ff8819846cfe7d78e92112164b1b7f4d02cfc77091f1?s=96&d=mm&r=g","url":"https:\/\/secure.gravatar.com\/avatar\/394a3cf60ad806fe7bc8ff8819846cfe7d78e92112164b1b7f4d02cfc77091f1?s=96&d=mm&r=g","contentUrl":"https:\/\/secure.gravatar.com\/avatar\/394a3cf60ad806fe7bc8ff8819846cfe7d78e92112164b1b7f4d02cfc77091f1?s=96&d=mm&r=g","caption":"Service Communication"}}]}},"_links":{"self":[{"href":"https:\/\/www.nicoleking.fr\/en\/wp-json\/wp\/v2\/posts\/5730","targetHints":{"allow":["GET"]}}],"collection":[{"href":"https:\/\/www.nicoleking.fr\/en\/wp-json\/wp\/v2\/posts"}],"about":[{"href":"https:\/\/www.nicoleking.fr\/en\/wp-json\/wp\/v2\/types\/post"}],"author":[{"embeddable":true,"href":"https:\/\/www.nicoleking.fr\/en\/wp-json\/wp\/v2\/users\/2"}],"replies":[{"embeddable":true,"href":"https:\/\/www.nicoleking.fr\/en\/wp-json\/wp\/v2\/comments?post=5730"}],"version-history":[{"count":0,"href":"https:\/\/www.nicoleking.fr\/en\/wp-json\/wp\/v2\/posts\/5730\/revisions"}],"wp:featuredmedia":[{"embeddable":true,"href":"https:\/\/www.nicoleking.fr\/en\/wp-json\/wp\/v2\/media\/5724"}],"wp:attachment":[{"href":"https:\/\/www.nicoleking.fr\/en\/wp-json\/wp\/v2\/media?parent=5730"}],"wp:term":[{"taxonomy":"category","embeddable":true,"href":"https:\/\/www.nicoleking.fr\/en\/wp-json\/wp\/v2\/categories?post=5730"},{"taxonomy":"post_tag","embeddable":true,"href":"https:\/\/www.nicoleking.fr\/en\/wp-json\/wp\/v2\/tags?post=5730"}],"curies":[{"name":"wp","href":"https:\/\/api.w.org\/{rel}","templated":true}]}}